{"id":4985,"date":"2017-08-10T17:00:05","date_gmt":"2017-08-10T22:00:05","guid":{"rendered":"http:\/\/derechosinfronteras.pe\/?p=2858"},"modified":"2017-08-10T17:00:05","modified_gmt":"2017-08-10T22:00:05","slug":"ni-una-menos-cusco-convocan-a-marcha-para-el-12-de-agosto","status":"publish","type":"post","link":"https:\/\/derechosinfronteras.pe\/ingles\/ni-una-menos-cusco-convocan-a-marcha-para-el-12-de-agosto\/","title":{"rendered":"Ni Una Menos &#8211; Cusco: Convocan a marcha para el 12 de agosto"},"content":{"rendered":"<p style=\"text-align: justify;\"><strong>\u2018Ni una menos Cusco\u2019<\/strong> es un colectivo de mujeres que se organiza para responder a la impunidad y el silencio que existe en relaci\u00f3n a la violencia que sufren las mujeres tanto f\u00edsica, sexual, psicol\u00f3gica y simb\u00f3lica. Frente a esta situaci\u00f3n, se preparan para una nueva <strong>marcha a nivel nacional este 12 de agosto, cuya concentraci\u00f3n en Cusco ser\u00e1 a las 3:00 p.m. en la Urb. Mariscal Gamarra<\/strong> (A la altura del paradero \u2018Amauta\u2019)<\/p>\n<div class=\"fb-post\" data-href=\"https:\/\/www.facebook.com\/derechossinfronteras.pe\/photos\/a.708091755976022.1073741825.339097252875476\/1355044594614065\/?type=1&#038;theater\" data-width=\"552\" style=\"background-color: #fff; display: inline-block;\"><\/div>\n<p style=\"text-align: justify;\">Cabe se\u00f1alar, que el a\u00f1o pasado (13 de agosto) se realiz\u00f3 la primera marcha que congreg\u00f3 a miles de personas en todas las regiones del Per\u00fa. Un a\u00f1o despu\u00e9s la situaci\u00f3n de violencia no se ha erradicado, por ello volver\u00e1n a marchar por las principales calles de la Ciudad Imperial para <strong>denunciar y visibilizar los casos de violencia y feminicidios<\/strong>.<\/p>\n<p style=\"text-align: justify;\">En conferencia de prensa, se recordaron casos emblem\u00e1ticos como el de <strong>Lisbeth \u00d1aupa Mina y Nayda Luz Guzm\u00e1n Coaquira<\/strong>, y el de esterilizaciones forzadas en la provincia de <strong>Chumbivilcas<\/strong>, adem\u00e1s de difundir los \u00edndices de violencia: 7 de cada 10 mujeres sufren violencia por parte de sus parejas (ENDES, 2016); adem\u00e1s Cusco es la tercera regi\u00f3n con mayor \u00edndice de violencia hacia las mujeres. El 90% de violaciones responden a ni\u00f1as y adolescentes entre 0 a 17 a\u00f1os (MIMP, 2015). El 49 % de estas violaciones ocurren a manos de familiares, parejas y ex parejas (CEM, 2016). \u00a0Adem\u00e1s, informaron que entre enero y mayo se han registrado 45 casos de feminicidios y 105 tentativas de este delito a nivel nacional, seg\u00fan el Ministerio de la Mujer y Poblaciones Vulnerables (MIMP).<\/p>\n<div class=\"fb-post\" data-href=\"https:\/\/www.facebook.com\/derechossinfronteras.pe\/photos\/a.741549455963585.1073741826.339097252875476\/1356893824429142\/?type=3&#038;theater\" data-width=\"552\" style=\"background-color: #fff; display: inline-block;\"><\/div>\n<h4>Actividades:<\/h4>\n<p style=\"text-align: justify;\">*PLANT\u00d3N POR CASOS DE FEMINICIDIOS &#8211; VIERNES 11 DE AGOSTO Poder Judicial 11:00 a.m.<\/p>\n<p>*SERIGRAFIADO DE POLOS: S\u00c1BADO 12 DE AGOSTO \u2013 Casa de la Cultura 11:00 a.m.<\/p>\n<p>*MARCHA NACIONAL #NIUNAMENOS \u2013 S\u00c1BADO 12 DE AGOSTO Mariscal Gamarra 3:00 p.m<\/p>\n<h4>Somos Todas:<\/h4>\n<p style=\"text-align: justify;\">Desde <a href=\"https:\/\/www.facebook.com\/derechossinfronteras.pe\/?ref=aymt_homepage_panel\" target=\"_blank\" rel=\"noopener\">Derechos Humanos sin Fronteras<\/a> exhortamos a todas las mujeres cusque\u00f1as a romper el silencio y denunciar la violencia que sufren, y uUna forma simb\u00f3lica de hacerlo es asistiendo a la marcha <a href=\"https:\/\/www.facebook.com\/events\/134159567184830\/\" target=\"_blank\" rel=\"noopener\">\u201cNi una Menos Somos Todas 2017\u201d<\/a>.<\/p>\n<div class=\"fb-post\" data-href=\"https:\/\/www.facebook.com\/derechossinfronteras.pe\/photos\/a.741549455963585.1073741826.339097252875476\/1354320174686507\/?type=3&#038;theater\" data-width=\"552\" style=\"background-color: #fff; display: inline-block;\"><\/div>\n<p>&nbsp;<\/p>","protected":false},"excerpt":{"rendered":"<p>\u2018Ni una menos Cusco\u2019 es un colectivo de mujeres que se organiza para responder a la impunidad y el silencio que existe en relaci\u00f3n a la violencia que sufren las mujeres tanto f\u00edsica, sexual, psicol\u00f3gica y simb\u00f3lica. Frente a esta situaci\u00f3n, se preparan para una nueva marcha a nivel nacional este 12 de agosto, cuya [&hellip;]<\/p>\n","protected":false},"author":1,"featured_media":4986,"comment_status":"closed","ping_status":"open","sticky":false,"template":"","format":"standard","meta":{"_monsterinsights_skip_tracking":false,"_monsterinsights_sitenote_active":false,"_monsterinsights_sitenote_note":"","_monsterinsights_sitenote_category":0,"_jetpack_memberships_contains_paid_content":false,"footnotes":"","jetpack_publicize_message":"","jetpack_publicize_feature_enabled":true,"jetpack_social_post_already_shared":false,"jetpack_social_options":{"image_generator_settings":{"template":"highway","default_image_id":0,"font":"","enabled":false},"version":2}},"categories":[1],"tags":[],"class_list":["post-4985","post","type-post","status-publish","format-standard","has-post-thumbnail","hentry","category-sin-categoria"],"blocksy_meta":[],"jetpack_publicize_connections":[],"jetpack_featured_media_url":"https:\/\/derechosinfronteras.pe\/wp-content\/uploads\/2017\/08\/Niunamenos-conferencia-e1502402306428.jpg","jetpack_sharing_enabled":true,"jetpack_likes_enabled":true,"_links":{"self":[{"href":"https:\/\/derechosinfronteras.pe\/ingles\/wp-json\/wp\/v2\/posts\/4985","targetHints":{"allow":["GET"]}}],"collection":[{"href":"https:\/\/derechosinfronteras.pe\/ingles\/wp-json\/wp\/v2\/posts"}],"about":[{"href":"https:\/\/derechosinfronteras.pe\/ingles\/wp-json\/wp\/v2\/types\/post"}],"author":[{"embeddable":true,"href":"https:\/\/derechosinfronteras.pe\/ingles\/wp-json\/wp\/v2\/users\/1"}],"replies":[{"embeddable":true,"href":"https:\/\/derechosinfronteras.pe\/ingles\/wp-json\/wp\/v2\/comments?post=4985"}],"version-history":[{"count":0,"href":"https:\/\/derechosinfronteras.pe\/ingles\/wp-json\/wp\/v2\/posts\/4985\/revisions"}],"wp:featuredmedia":[{"embeddable":true,"href":"https:\/\/derechosinfronteras.pe\/ingles\/wp-json\/wp\/v2\/media\/4986"}],"wp:attachment":[{"href":"https:\/\/derechosinfronteras.pe\/ingles\/wp-json\/wp\/v2\/media?parent=4985"}],"wp:term":[{"taxonomy":"category","embeddable":true,"href":"https:\/\/derechosinfronteras.pe\/ingles\/wp-json\/wp\/v2\/categories?post=4985"},{"taxonomy":"post_tag","embeddable":true,"href":"https:\/\/derechosinfronteras.pe\/ingles\/wp-json\/wp\/v2\/tags?post=4985"}],"curies":[{"name":"wp","href":"https:\/\/api.w.org\/{rel}","templated":true}]}}