{"id":4989,"date":"2017-08-08T18:21:00","date_gmt":"2017-08-08T23:21:00","guid":{"rendered":"http:\/\/derechosinfronteras.pe\/?p=2852"},"modified":"2017-08-08T18:21:00","modified_gmt":"2017-08-08T23:21:00","slug":"exitosa-presentacion-de-vida-y-agua-en-caraz-y-espinar-el-libro-que-nos-ensena-a-revalorar-el-manejo-sostenible-del-agua","status":"publish","type":"post","link":"https:\/\/derechosinfronteras.pe\/ingles\/exitosa-presentacion-de-vida-y-agua-en-caraz-y-espinar-el-libro-que-nos-ensena-a-revalorar-el-manejo-sostenible-del-agua\/","title":{"rendered":"Exitosa presentaci\u00f3n de \u2018Vida y Agua en Caraz y Espinar\u2019, el libro que nos ense\u00f1a a revalorar el manejo sostenible del agua"},"content":{"rendered":"<p style=\"text-align: justify;\">En el marco de las actividades del \u2018Foro Internacional de Ciencias Sociales\u2019, que tuvo como sede Cusco, se present\u00f3, el pasado 02 de agosto, el Estudio Etnogr\u00e1fico: <strong>\u201cVida y Agua en Caraz y Espinar\u201d<\/strong>. Posteriormente, el 08 de agosto, la presentaci\u00f3n tambi\u00e9n tuvo lugar en Espinar, una de las provincias que motivaron la investigaci\u00f3n. En ambos lugares Se cont\u00f3 con la presencia de dirigentes, comuneros y l\u00edderes sociales que fueron parte del estudio<\/p>\n<p style=\"text-align: justify;\">El estudio ha tenido como objetivo recoger los conocimientos que mujeres y varones tienen para utilizar y manejar el agua a partir de sus usos y costumbres en dos cuencas: Par\u00f3n-Llull\u00e1n (Caraz, Ancash) y Ca\u00f1ipia (Espinar, Cusco), el estudio ha tomado en cuenta la revaloraci\u00f3n de aquellos conocimientos end\u00f3genos que ha permitido la supervivencia de las culturas a lo largo de la historia. El estudio estuvo dirigido por el Antrop\u00f3logo Luis M\u00fajica, docente del Departamento de Ciencias Sociales de la Pontificia Universidad Cat\u00f3lica del Per\u00fa &#8211; PUCP y Coordinador de Grupos de Investigaci\u00f3n del Instituto de Ciencias de la Naturaleza, Territorio y Energ\u00edas Renovables de la Pontificia Universidad Cat\u00f3lica del Per\u00fa (INTE-PUCP), y fue respaldado por l\u00edderes y promotores locales de Espinar y Caraz. El documento de investigaci\u00f3n fue realizado por encargo de Derechos Humanos sin Fronteras (DHSF) y la Comisi\u00f3n Episcopal de Acci\u00f3n Social (CEAS).<\/p>\n<p style=\"text-align: justify;\">\u2018El agua sigue siendo un tema conflictivo para todas las comunidades, principalmente donde hay presencia de empresas extractivas. El caso de Espinar es preocupante porque el agua que consumen no es de buena calidad, lo que est\u00e1 causando permanentes enfermedades en la poblaci\u00f3n. No hay que ser magos para saber que en estos territorios existir\u00e1n conflictos\u2019 sentenci\u00f3 M\u00fajica.<\/p>\n<p style=\"text-align: justify;\">Otro elemento importante en la investigaci\u00f3n, es la relaci\u00f3n existente, entre el agua, territorio y poder; debido que en ambas zonas de estudio existen intereses econ\u00f3micos que han provocado alteraciones a los ecosistemas, afectando los patrones de relacionamiento de la poblaci\u00f3n. Por ello, a trav\u00e9s de \u2018Vida y Agua en Caraz y Espinar\u2019 se busca visibilizar los conocimientos y experiencias de las poblaciones con mayor vulnerabilidad y contribuir en la b\u00fasqueda de un desarrollo humano integral, desde las m\u00faltiples miradas. En suma, el libro nos muestra las iniciativas de las comunidades en Caraz y Espinar, sobre el manejo del agua, considerando su cosmovisi\u00f3n y pr\u00e1cticas culturales. \u2018La problem\u00e1tica del agua est\u00e1 consiguiendo que la organizaci\u00f3n pol\u00edtica y social en Espinar y Caraz sea cada vez fuerte, principalmente el fortalecimiento de las organizaciones sociales de base\u2019, Concluy\u00f3 M\u00fajica<\/p>\n<p>&nbsp;<\/p>","protected":false},"excerpt":{"rendered":"<p>En el marco de las actividades del \u2018Foro Internacional de Ciencias Sociales\u2019, que tuvo como sede Cusco, se present\u00f3, el pasado 02 de agosto, el Estudio Etnogr\u00e1fico: \u201cVida y Agua en Caraz y Espinar\u201d. Posteriormente, el 08 de agosto, la presentaci\u00f3n tambi\u00e9n tuvo lugar en Espinar, una de las provincias que motivaron la investigaci\u00f3n. En [&hellip;]<\/p>\n","protected":false},"author":1,"featured_media":4990,"comment_status":"closed","ping_status":"open","sticky":false,"template":"","format":"standard","meta":{"_monsterinsights_skip_tracking":false,"_monsterinsights_sitenote_active":false,"_monsterinsights_sitenote_note":"","_monsterinsights_sitenote_category":0,"_jetpack_memberships_contains_paid_content":false,"footnotes":"","jetpack_publicize_message":"","jetpack_publicize_feature_enabled":true,"jetpack_social_post_already_shared":false,"jetpack_social_options":{"image_generator_settings":{"template":"highway","default_image_id":0,"font":"","enabled":false},"version":2}},"categories":[1],"tags":[],"class_list":["post-4989","post","type-post","status-publish","format-standard","has-post-thumbnail","hentry","category-sin-categoria"],"blocksy_meta":[],"jetpack_publicize_connections":[],"jetpack_featured_media_url":"https:\/\/derechosinfronteras.pe\/wp-content\/uploads\/2017\/08\/Presentacion-del-libro-2-e1502234420326.jpg","jetpack_sharing_enabled":true,"jetpack_likes_enabled":true,"_links":{"self":[{"href":"https:\/\/derechosinfronteras.pe\/ingles\/wp-json\/wp\/v2\/posts\/4989","targetHints":{"allow":["GET"]}}],"collection":[{"href":"https:\/\/derechosinfronteras.pe\/ingles\/wp-json\/wp\/v2\/posts"}],"about":[{"href":"https:\/\/derechosinfronteras.pe\/ingles\/wp-json\/wp\/v2\/types\/post"}],"author":[{"embeddable":true,"href":"https:\/\/derechosinfronteras.pe\/ingles\/wp-json\/wp\/v2\/users\/1"}],"replies":[{"embeddable":true,"href":"https:\/\/derechosinfronteras.pe\/ingles\/wp-json\/wp\/v2\/comments?post=4989"}],"version-history":[{"count":0,"href":"https:\/\/derechosinfronteras.pe\/ingles\/wp-json\/wp\/v2\/posts\/4989\/revisions"}],"wp:featuredmedia":[{"embeddable":true,"href":"https:\/\/derechosinfronteras.pe\/ingles\/wp-json\/wp\/v2\/media\/4990"}],"wp:attachment":[{"href":"https:\/\/derechosinfronteras.pe\/ingles\/wp-json\/wp\/v2\/media?parent=4989"}],"wp:term":[{"taxonomy":"category","embeddable":true,"href":"https:\/\/derechosinfronteras.pe\/ingles\/wp-json\/wp\/v2\/categories?post=4989"},{"taxonomy":"post_tag","embeddable":true,"href":"https:\/\/derechosinfronteras.pe\/ingles\/wp-json\/wp\/v2\/tags?post=4989"}],"curies":[{"name":"wp","href":"https:\/\/api.w.org\/{rel}","templated":true}]}}