{"id":4991,"date":"2017-08-07T18:04:00","date_gmt":"2017-08-07T23:04:00","guid":{"rendered":"http:\/\/derechosinfronteras.pe\/?p=2840"},"modified":"2017-08-07T18:04:00","modified_gmt":"2017-08-07T23:04:00","slug":"apurimac-comunidades-bloquean-via-del-corredor-minero","status":"publish","type":"post","link":"https:\/\/derechosinfronteras.pe\/ingles\/apurimac-comunidades-bloquean-via-del-corredor-minero\/","title":{"rendered":"Apur\u00edmac: Comunidades bloquean v\u00eda del \u2018Corredor Minero\u2019"},"content":{"rendered":"<p style=\"line-height: 14.65pt; background: white; vertical-align: baseline; margin: 7.5pt 0cm; text-align: justify;\"><span style=\"font-size: 11.5pt; font-family: 'Arial','sans-serif'; color: #333333;\">Desde las primeras horas del 06 de Agosto cientos de comuneros de los distritos de Tambobamba y Challhuahuacho, Cotabambas, bloquearon la v\u00eda utilizada por la mina \u2018Las Bambas\u2019, ruta conocida como el \u2018corredor minero\u2019. La medida de lucha se mantuvo durante todo el d\u00eda. <\/span><\/p>\n<p style=\"text-align: justify; line-height: 14.65pt; background: white; vertical-align: baseline; margin: 7.5pt 0cm 7.5pt 0cm;\"><span style=\"font-size: 11.5pt; font-family: 'Arial','sans-serif'; color: #333333;\">Por esta v\u00eda transitan alrededor de 500 veh\u00edculos, transportando materiales y residuos s\u00f3lidos causantes de la actividad minera, adem\u00e1s de ello el n\u00famero de enfermedades respiratorias ha ido en aumento, debido al polvo que producen las unidades al pasar por la zona. Sumado a esta problem\u00e1tica, los accidentes se est\u00e1n volviendo m\u00e1s frecuentes: derrames, animales atropellados, entre otros. Las comunidades exigen a la empresa y al Estado que solucione estos problemas, que conforme pasan los d\u00edas les afectan con mayor intensidad. <\/span><\/p>\n<p style=\"text-align: justify; line-height: 14.65pt; background: white; vertical-align: baseline; margin: 7.5pt 0cm 7.5pt 0cm;\"><span style=\"font-size: 11.5pt; font-family: 'Arial','sans-serif'; color: #333333;\">Cabe se\u00f1alar que este conflicto no es nuevo, para el 2016, tambi\u00e9n existieron fuertes manifestaciones en contra de la empresa minera por las mismas razones. En aquella fecha, el desalojo a los manifestantes caus\u00f3 la muerte de un comunero: Quintino Cereceda. Las manifestaciones se postergaron porque la empresa y el actual gobierno acordaron una compensaci\u00f3n econ\u00f3mica para las comunidades. <\/span><\/p>\n<p style=\"line-height: 14.65pt; background: white; vertical-align: baseline; margin: 7.5pt 0cm 7.5pt 0cm;\"><span style=\"font-size: 11.5pt; font-family: 'Arial','sans-serif'; color: #333333;\">\u00a0<\/span><\/p>","protected":false},"excerpt":{"rendered":"<p>Desde las primeras horas del 06 de Agosto cientos de comuneros de los distritos de Tambobamba y Challhuahuacho, Cotabambas, bloquearon la v\u00eda utilizada por la mina \u2018Las Bambas\u2019, ruta conocida como el \u2018corredor minero\u2019. La medida de lucha se mantuvo durante todo el d\u00eda. Por esta v\u00eda transitan alrededor de 500 veh\u00edculos, transportando materiales y [&hellip;]<\/p>\n","protected":false},"author":1,"featured_media":4992,"comment_status":"closed","ping_status":"open","sticky":false,"template":"","format":"standard","meta":{"_monsterinsights_skip_tracking":false,"_monsterinsights_sitenote_active":false,"_monsterinsights_sitenote_note":"","_monsterinsights_sitenote_category":0,"_jetpack_memberships_contains_paid_content":false,"footnotes":"","jetpack_publicize_message":"","jetpack_publicize_feature_enabled":true,"jetpack_social_post_already_shared":false,"jetpack_social_options":{"image_generator_settings":{"template":"highway","default_image_id":0,"font":"","enabled":false},"version":2}},"categories":[1],"tags":[],"class_list":["post-4991","post","type-post","status-publish","format-standard","has-post-thumbnail","hentry","category-sin-categoria"],"blocksy_meta":[],"jetpack_publicize_connections":[],"jetpack_featured_media_url":"https:\/\/derechosinfronteras.pe\/wp-content\/uploads\/2017\/08\/Bambas-e1502147000380.jpg","jetpack_sharing_enabled":true,"jetpack_likes_enabled":true,"_links":{"self":[{"href":"https:\/\/derechosinfronteras.pe\/ingles\/wp-json\/wp\/v2\/posts\/4991","targetHints":{"allow":["GET"]}}],"collection":[{"href":"https:\/\/derechosinfronteras.pe\/ingles\/wp-json\/wp\/v2\/posts"}],"about":[{"href":"https:\/\/derechosinfronteras.pe\/ingles\/wp-json\/wp\/v2\/types\/post"}],"author":[{"embeddable":true,"href":"https:\/\/derechosinfronteras.pe\/ingles\/wp-json\/wp\/v2\/users\/1"}],"replies":[{"embeddable":true,"href":"https:\/\/derechosinfronteras.pe\/ingles\/wp-json\/wp\/v2\/comments?post=4991"}],"version-history":[{"count":0,"href":"https:\/\/derechosinfronteras.pe\/ingles\/wp-json\/wp\/v2\/posts\/4991\/revisions"}],"wp:featuredmedia":[{"embeddable":true,"href":"https:\/\/derechosinfronteras.pe\/ingles\/wp-json\/wp\/v2\/media\/4992"}],"wp:attachment":[{"href":"https:\/\/derechosinfronteras.pe\/ingles\/wp-json\/wp\/v2\/media?parent=4991"}],"wp:term":[{"taxonomy":"category","embeddable":true,"href":"https:\/\/derechosinfronteras.pe\/ingles\/wp-json\/wp\/v2\/categories?post=4991"},{"taxonomy":"post_tag","embeddable":true,"href":"https:\/\/derechosinfronteras.pe\/ingles\/wp-json\/wp\/v2\/tags?post=4991"}],"curies":[{"name":"wp","href":"https:\/\/api.w.org\/{rel}","templated":true}]}}