{"id":4997,"date":"2017-08-07T11:49:03","date_gmt":"2017-08-07T16:49:03","guid":{"rendered":"http:\/\/derechosinfronteras.pe\/?p=2829"},"modified":"2017-08-07T11:49:03","modified_gmt":"2017-08-07T16:49:03","slug":"pronunciamiento-primer-ano-de-gobierno-de-pedro-pablo-kuczynski-entre-incertidumbres-y-realidades","status":"publish","type":"post","link":"https:\/\/derechosinfronteras.pe\/ingles\/pronunciamiento-primer-ano-de-gobierno-de-pedro-pablo-kuczynski-entre-incertidumbres-y-realidades\/","title":{"rendered":"[PRONUNCIAMIENTO] Primer a\u00f1o de gobierno de Pedro Pablo Kuczynski: entre incertidumbres y realidades"},"content":{"rendered":"<p style=\"text-align: justify;\">Transcurrido el primer a\u00f1o de gobierno, el presidente <strong>Pedro Pablo Kuczynski<\/strong> present\u00f3 su primer mensaje a la naci\u00f3n el 28 de julio \u00faltimo. Al respecto, <strong>RED MUQUI<\/strong> se dirige a la opini\u00f3n p\u00fablica para manifestar lo siguiente:<\/p>\n<p style=\"text-align: justify;\">1. El mensaje presidencial trajo el anuncio de nuevos proyectos mineros: C<strong>orani (Puno), Mina Justa (Ica), Quellaveco (Moquegua) y Michiquillay (Cajamarca)<\/strong>. De esta manera, el gobierno confirma que seguimos dependiendo de una actividad econ\u00f3mica como eje de nuestra econom\u00eda.<\/p>\n<p style=\"text-align: justify;\">Sobre esto se requiere que el gobierno asuma un verdadero programa de diversificaci\u00f3n econ\u00f3mica en el pa\u00eds, y no solo \u2018paliativos\u2019 para actividades como la agricultura. Nuestra canasta familiar depende de nuestras comunidades campesinas que desarrollan la agricultura familiar en el 7% de nuestro territorio nacional. Sin embargo, sus territorios no est\u00e1n protegidos de los impactos ambientales, sociales, afectaciones en la salud humana, entre otros, debido a las actividades extractivas.<\/p>\n<p style=\"text-align: justify;\">Por el contrario, se deber\u00eda priorizar las actividades como el turismo sostenible, la pesca artesanal, y otras actividades econ\u00f3micas m\u00e1s sostenibles.<\/p>\n<p style=\"text-align: justify;\">2. En el mensaje se ha priorizado la formalizaci\u00f3n, la Peque\u00f1a Miner\u00eda y Miner\u00eda Artesanal; de la cual existe una campa\u00f1a del gobierno para impulsarla. En ello estamos de acuerdo, pero no podemos formalizar todo de la misma manera. El presidente debe mencionar que los decretos legislativos que el Ejecutivo dict\u00f3 a fines del a\u00f1o pasado, permiten que <strong>el Instrumento de Gesti\u00f3n Ambiental y Fiscalizaci\u00f3n para la Formalizaci\u00f3n de Actividades de Peque\u00f1a Miner\u00eda y Miner\u00eda Artesanal (IGAFOM)<\/strong> tenga car\u00e1cter de declaraci\u00f3n jurada, sin que existan entidades que le den seguimiento. De la misma forma, con una declaraci\u00f3n jurada se puede obtener permisos del propietario o de comunidades campesinas para realizar cualquier actividad minera en tierras superficiales. En el \u00faltimo caso se pasa por encima de los espacios de decisi\u00f3n comunales. Se formaliza, pero no se consideran los impactos ambientales, sociales y en la salud de las personas.<\/p>\n<p style=\"text-align: justify;\">3. Respecto al medio ambiente, el presidente Kuczynski reconoci\u00f3 que <strong>\u201cel lago m\u00e1s grande del Per\u00fa (Titicaca) est\u00e1 contaminado por relaves mineros\u201d<\/strong>. Esa ha sido consecuencia de la miner\u00eda formal, informal e ilegal que afecta fuentes de recursos h\u00eddricos fundamentales a nivel nacional. Justamente, a esto responde las recientes protestas sociales en Puno, en donde la poblaci\u00f3n sigue esperando que se cumpla con la promesa electoral acerca de la construcci\u00f3n de pozas de oxidaci\u00f3n para procesar el agua residual que llega al lago. De no atenderse oportunamente esta problem\u00e1tica el conflicto puede agudizarce, es urgente la atenci\u00f3n a esta demanda de las poblaciones afectadas por las aguas contaminadas del Lago Titicaca.<\/p>\n<p style=\"text-align: justify;\">4. En el mensaje a la Naci\u00f3n se mencion\u00f3 sobre la \u201creducci\u00f3n de los impactos ambientales\u201d; pero ello es incoherente con las normas -sin sustento t\u00e9cnico- que fueron emitidas por este gobierno. Este a\u00f1o se fueron flexibilizando los <strong>Est\u00e1ndares de Calidad Ambiental para aire (ECA Aire)<\/strong> en doce veces, as\u00ed como los que rigen para el agua. Todo ello impactar\u00e1 en la salud y la vida de las personas.<\/p>\n<p style=\"text-align: justify;\">La indecente pretensi\u00f3n de esta norma busca \u2018facilitar\u2019 la venta del <strong>Complejo Metal\u00fargico de La Oroya<\/strong>, ha demostrado que no resulta conveniente para los inversionistas. Por tanto, ha quedado claro que el gobierno estar\u00eda emitiendo normas que tienen beneficiarios directos, en lugar de buscar alternativas de desarrollo integral y sostenibles para La Oroya, y que no implique atentar contra de la salud y vida de las personas de esa zona.<\/p>\n<p style=\"text-align: justify;\">5. Que el mandatario haya mencionado <strong>\u201cDignificar a las rondas campesinas\u201d<\/strong>, nos parece loable. No obstante, consideramos que el Ejecutivo debe tomar en cuenta el importante el avance del Poder Judicial, y su presidente Duberl\u00ed Rodr\u00edguez, quien ya ha reconocido el rol de las rondas de ejercer justicia y brindar seguridad. No obstante, el gobierno central a\u00fan debe dejar de calificar como \u201cantimineros\u201d, \u201cenemigos del desarrollo\u201d a aquellas rondas campesinas y organizaciones sociales que defienden sus derechos al territorio y a la consulta sobre decisiones que les afecta. Si su perspectiva es empezar a reconocer a las rondas, esperamos que cambie la perspectiva sobre la conflictividad social en el viceministro de <strong>Gobernanza Territorial de la PCM.<\/strong><\/p>\n<p style=\"text-align: justify;\">6. Para el jefe de Estado es importante <strong>\u201cFortalecer el rol del Ministerio de Salud (MINSA) es fundamental ya que no funciona como debe funcionar\u201d<\/strong>. En ese sentido, nos preocupa las personas cuya salud y vida han sido afectadas por la actividad minera, pues no reciben un tratamiento adecuado. Una muestra de esta realidad, es el caso de los pobladores de Pasco, quienes luego de a\u00f1os de reuniones y acuerdos infructuosos, se vieron obligados a venir a Lima y encadenarse en el MINSA, y as\u00ed exigir atenci\u00f3n m\u00e9dica y remedici\u00f3n de sus pasivos ambientales mineros. Esperamos que el gobierno considere que el MINSA debe cumplir con estos compromisos y atender de manera inmediata a estas poblaciones afectadas a su salud por actividades mineras.<\/p>\n<p style=\"text-align: justify;\">7. El presidente Kuczynski no olvid\u00f3 decir que<strong> \u00abel agua ser\u00e1 legado de su gobierno\u00bb<\/strong>. Es as\u00ed que en su mensaje ha ofrecido que el 84% de las zonas rurales tendr\u00e1 agua y desag\u00fce al 2021. Nuestra inquietud surge por c\u00f3mo se podr\u00e1 llegar a esta meta si nuestras cabeceras de cuenca y ecosistemas que captan agua se encuentran afectados y contaminados por la miner\u00eda. Por ello es importante aplicar mecanismos como el <strong>ordenamiento territorial<\/strong> (que la Ley N\u00b030230 estableci\u00f3 como \u201creferencial\u201d) y se les devuelva a los gobiernos regionales, la potestad de establecer prioridades de desarrollo en base a sus potencialidades, y que estas no sean impuestas desde el gobierno central y en base a las concesiones mineras.<\/p>\n<p style=\"text-align: justify;\">8. Y, por \u00faltimo, el presidente se\u00f1alo que se debe \u201cFortalecer a las empresas de agua potable, que seguir\u00e1n siendo p\u00fablicas\u201d. Sin embargo, uno de los decretos dictados en su gobierno ha establecido que estas<strong> Empresas Prestadoras de Servicios (EPS)<\/strong>, ahora ser\u00e1n empresas del r\u00e9gimen de sociedades. Es decir, poseer\u00e1n acciones que pueden ser vendidas a otros intereses econ\u00f3micos -en la pr\u00e1ctica- permitir la privatizaci\u00f3n del recurso h\u00eddrico, lo cual va en contra de su rol principal, que es brindar un servicio. Consideramos que esto se trata de una seria contradicci\u00f3n, lamentablemente, avalada por el Congreso.<\/p>\n<p style=\"text-align: justify;\">9. El presidente ha presentado 5 proyectos de ley, luego de la reuni\u00f3n con Keiko Fujimori, uno de ellos sobre el tratamiento de aguas residuales. Se plantea mayor participaci\u00f3n de las APP para ello. Recordemos que en los decretos del actual gobierno se plante\u00f3 simplificar los procedimientos para los vertimientos de aguas residuales. Ya no intervienen con sus autorizaciones las autoridades responsables, ahora solo se aplican <strong>los ECA y L\u00edmites M\u00e1ximos Permitidos (LMP)<\/strong> de agua. Las inversiones son importantes, pero se deben supeditar a la mejora de la calidad de vida de las personas, de lo contrario no son beneficiosas.<\/p>\n<p style=\"text-align: justify;\">Finalmente, entre los proyectos de ley presentados por Kuczynski, se busca destrabar el acceso a inmuebles para la ejecuci\u00f3n de obras de infraestructura: la misma finalidad del derogado Decreto Legislativo N\u00b01333, que\u2013mediante ProInversi\u00f3n- buscaba facilitar a\u00fan m\u00e1s el acceso a predios, especialmente en territorios de comunidades campesinas (en relaci\u00f3n con la Ley N\u00b030230). Consideramos que con \u00e9stas medidas contin\u00faa la velada idea de desaparecer las comunidades campesinas.<\/p>\n<p style=\"text-align: right;\"><strong>Lima, 30 de julio de 2017<\/strong><\/p>","protected":false},"excerpt":{"rendered":"<p>Transcurrido el primer a\u00f1o de gobierno, el presidente Pedro Pablo Kuczynski present\u00f3 su primer mensaje a la naci\u00f3n el 28 de julio \u00faltimo. Al respecto, RED MUQUI se dirige a la opini\u00f3n p\u00fablica para manifestar lo siguiente: 1. El mensaje presidencial trajo el anuncio de nuevos proyectos mineros: Corani (Puno), Mina Justa (Ica), Quellaveco (Moquegua) [&hellip;]<\/p>\n","protected":false},"author":1,"featured_media":4998,"comment_status":"closed","ping_status":"open","sticky":false,"template":"","format":"standard","meta":{"_monsterinsights_skip_tracking":false,"_monsterinsights_sitenote_active":false,"_monsterinsights_sitenote_note":"","_monsterinsights_sitenote_category":0,"_jetpack_memberships_contains_paid_content":false,"footnotes":"","jetpack_publicize_message":"","jetpack_publicize_feature_enabled":true,"jetpack_social_post_already_shared":false,"jetpack_social_options":{"image_generator_settings":{"template":"highway","default_image_id":0,"font":"","enabled":false},"version":2}},"categories":[1],"tags":[],"class_list":["post-4997","post","type-post","status-publish","format-standard","has-post-thumbnail","hentry","category-sin-categoria"],"blocksy_meta":[],"jetpack_publicize_connections":[],"jetpack_featured_media_url":"https:\/\/derechosinfronteras.pe\/wp-content\/uploads\/2017\/08\/PPK-e1502124452452.jpg","jetpack_sharing_enabled":true,"jetpack_likes_enabled":true,"_links":{"self":[{"href":"https:\/\/derechosinfronteras.pe\/ingles\/wp-json\/wp\/v2\/posts\/4997","targetHints":{"allow":["GET"]}}],"collection":[{"href":"https:\/\/derechosinfronteras.pe\/ingles\/wp-json\/wp\/v2\/posts"}],"about":[{"href":"https:\/\/derechosinfronteras.pe\/ingles\/wp-json\/wp\/v2\/types\/post"}],"author":[{"embeddable":true,"href":"https:\/\/derechosinfronteras.pe\/ingles\/wp-json\/wp\/v2\/users\/1"}],"replies":[{"embeddable":true,"href":"https:\/\/derechosinfronteras.pe\/ingles\/wp-json\/wp\/v2\/comments?post=4997"}],"version-history":[{"count":0,"href":"https:\/\/derechosinfronteras.pe\/ingles\/wp-json\/wp\/v2\/posts\/4997\/revisions"}],"wp:featuredmedia":[{"embeddable":true,"href":"https:\/\/derechosinfronteras.pe\/ingles\/wp-json\/wp\/v2\/media\/4998"}],"wp:attachment":[{"href":"https:\/\/derechosinfronteras.pe\/ingles\/wp-json\/wp\/v2\/media?parent=4997"}],"wp:term":[{"taxonomy":"category","embeddable":true,"href":"https:\/\/derechosinfronteras.pe\/ingles\/wp-json\/wp\/v2\/categories?post=4997"},{"taxonomy":"post_tag","embeddable":true,"href":"https:\/\/derechosinfronteras.pe\/ingles\/wp-json\/wp\/v2\/tags?post=4997"}],"curies":[{"name":"wp","href":"https:\/\/api.w.org\/{rel}","templated":true}]}}