{"id":4999,"date":"2017-08-02T12:16:36","date_gmt":"2017-08-02T17:16:36","guid":{"rendered":"http:\/\/derechosinfronteras.pe\/?p=2823"},"modified":"2017-08-02T12:16:36","modified_gmt":"2017-08-02T17:16:36","slug":"espinar-organizaciones-sociales-de-base-evaluan-la-realizacion-de-un-paro-de-48-horas-para-el-proximo-3-y-4-de-agosto-en-apoyo-a-la-huelga-de-docentes","status":"publish","type":"post","link":"https:\/\/derechosinfronteras.pe\/ingles\/espinar-organizaciones-sociales-de-base-evaluan-la-realizacion-de-un-paro-de-48-horas-para-el-proximo-3-y-4-de-agosto-en-apoyo-a-la-huelga-de-docentes\/","title":{"rendered":"Espinar: organizaciones sociales de base eval\u00faan la realizaci\u00f3n de un paro de 48 horas para el pr\u00f3ximo 3 y 4 de agosto en apoyo a la huelga de docentes"},"content":{"rendered":"<p><strong>(02\/08\/2017) <\/strong>Ayer se realiz\u00f3 la reuni\u00f3n convocada por el Frente \u00danico de Defensa de los Intereses de Espinar en la que participaron algunas organizaciones sociales. dirigentes de la APAFA de diferentes instituciones educativas y representantes del SUTE. En dicha reuni\u00f3n, se propuso la realizaci\u00f3n de un paro de 48 horas para los d\u00edas 3 y 4 de agosto en apoyo a la huelga de los maestros.<\/p>\n<p>As\u00ed mismo, en la reuni\u00f3n se conform\u00f3 el Frente de Defensa K\u2019ana de los Municipios Escolares, quienes manifestaron su respaldo al paro de docentes y anunciaron su participaci\u00f3n en un posible paro del pr\u00f3ximo 3 y 4 de agosto.<\/p>\n<p>Hoy por la tarde se realizar\u00e1 otra reuni\u00f3n, en la que participar\u00edan la Federaci\u00f3n Unificada de Campesinos de Espinar (FUCAE), la Federaci\u00f3n Unificada de la Juventud Espinarense K\u2019ana (FUJEK), la Asociaci\u00f3n de Urbanizaciones Populares y Pueblo J\u00f3venes de Espinar (AUPE), los representantes del mercado central, construcci\u00f3n civil y autoridades de los distritos y comunidades para <strong>declarar el paro de 48 horas<\/strong>, pidiendo que el gobierno atienda la demanda de los maestros.<\/p>\n<p><img fetchpriority=\"high\" decoding=\"async\" class=\"aligncenter size-full wp-image-2824\" src=\"http:\/\/derechosinfronteras.pe\/wp-content\/uploads\/2017\/08\/20479471_10211581789472871_5097081084610527234_n-e1501693821171.jpg\" alt=\"\" width=\"600\" height=\"450\" \/><\/p>\n<p>Los maestros de Espinar acatan la huelga indefinida que ya cumplir\u00e1 50 d\u00edas. El 18 de julio, se detuvieron a 4 docentes que fueron puestos en libertad ese mismo d\u00eda, y que luego fueron trasladados al hospital por las heridas que sufrieron durante los enfrentamientos con la polic\u00eda.<\/p>\n<p>En Cusco, la APAFA de diferentes instituciones de la mencionada provincia, de Anta y Acomayo han convocado a una movilizaci\u00f3n de padres de familia para el 3 de agosto, que tendr\u00e1 como punto de concentraci\u00f3n la plaza de armas del Cusco.<\/p>\n<p><img decoding=\"async\" class=\"aligncenter size-full wp-image-2825\" src=\"http:\/\/derechosinfronteras.pe\/wp-content\/uploads\/2017\/08\/20525453_10211581789352868_1513988439005664849_n-e1501693895797.jpg\" alt=\"\" width=\"600\" height=\"450\" \/><\/p>","protected":false},"excerpt":{"rendered":"<p>(02\/08\/2017) Ayer se realiz\u00f3 la reuni\u00f3n convocada por el Frente \u00danico de Defensa de los Intereses de Espinar en la que participaron algunas organizaciones sociales. dirigentes de la APAFA de diferentes instituciones educativas y representantes del SUTE. En dicha reuni\u00f3n, se propuso la realizaci\u00f3n de un paro de 48 horas para los d\u00edas 3 y [&hellip;]<\/p>\n","protected":false},"author":1,"featured_media":5000,"comment_status":"closed","ping_status":"open","sticky":false,"template":"","format":"standard","meta":{"_monsterinsights_skip_tracking":false,"_monsterinsights_sitenote_active":false,"_monsterinsights_sitenote_note":"","_monsterinsights_sitenote_category":0,"_jetpack_memberships_contains_paid_content":false,"footnotes":"","jetpack_publicize_message":"","jetpack_publicize_feature_enabled":true,"jetpack_social_post_already_shared":false,"jetpack_social_options":{"image_generator_settings":{"template":"highway","default_image_id":0,"font":"","enabled":false},"version":2}},"categories":[1],"tags":[],"class_list":["post-4999","post","type-post","status-publish","format-standard","has-post-thumbnail","hentry","category-sin-categoria"],"blocksy_meta":[],"jetpack_publicize_connections":[],"jetpack_featured_media_url":"https:\/\/derechosinfronteras.pe\/wp-content\/uploads\/2017\/08\/20228535_1413197028798996_5630629346799546727_n.jpg","jetpack_sharing_enabled":true,"jetpack_likes_enabled":true,"_links":{"self":[{"href":"https:\/\/derechosinfronteras.pe\/ingles\/wp-json\/wp\/v2\/posts\/4999","targetHints":{"allow":["GET"]}}],"collection":[{"href":"https:\/\/derechosinfronteras.pe\/ingles\/wp-json\/wp\/v2\/posts"}],"about":[{"href":"https:\/\/derechosinfronteras.pe\/ingles\/wp-json\/wp\/v2\/types\/post"}],"author":[{"embeddable":true,"href":"https:\/\/derechosinfronteras.pe\/ingles\/wp-json\/wp\/v2\/users\/1"}],"replies":[{"embeddable":true,"href":"https:\/\/derechosinfronteras.pe\/ingles\/wp-json\/wp\/v2\/comments?post=4999"}],"version-history":[{"count":0,"href":"https:\/\/derechosinfronteras.pe\/ingles\/wp-json\/wp\/v2\/posts\/4999\/revisions"}],"wp:featuredmedia":[{"embeddable":true,"href":"https:\/\/derechosinfronteras.pe\/ingles\/wp-json\/wp\/v2\/media\/5000"}],"wp:attachment":[{"href":"https:\/\/derechosinfronteras.pe\/ingles\/wp-json\/wp\/v2\/media?parent=4999"}],"wp:term":[{"taxonomy":"category","embeddable":true,"href":"https:\/\/derechosinfronteras.pe\/ingles\/wp-json\/wp\/v2\/categories?post=4999"},{"taxonomy":"post_tag","embeddable":true,"href":"https:\/\/derechosinfronteras.pe\/ingles\/wp-json\/wp\/v2\/tags?post=4999"}],"curies":[{"name":"wp","href":"https:\/\/api.w.org\/{rel}","templated":true}]}}