{"id":5005,"date":"2017-08-01T13:05:57","date_gmt":"2017-08-01T18:05:57","guid":{"rendered":"http:\/\/derechosinfronteras.pe\/?p=2811"},"modified":"2017-08-01T13:05:57","modified_gmt":"2017-08-01T18:05:57","slug":"cusco-presentacion-del-libro-vida-y-agua-en-caraz-y-espinar","status":"publish","type":"post","link":"https:\/\/derechosinfronteras.pe\/ingles\/cusco-presentacion-del-libro-vida-y-agua-en-caraz-y-espinar\/","title":{"rendered":"Cusco: Presentaci\u00f3n del libro \u2018Vida y Agua en Caraz y Espinar\u2019"},"content":{"rendered":"<p>El libro que nos ense\u00f1a revalorar el manejo sostenible del agua desde nuestras practicas ancestrales<\/p>\n<p style=\"text-align: justify;\">En el marco de las actividades del \u2018Foro Internacional de Ciencias Sociales\u2019, que tiene como sede Cusco -del 02 al 05 de Agosto- se presentar\u00e1 el Estudio Etnogr\u00e1fico: <strong>\u201cVida y Agua en Caraz y Espinar\u201d<\/strong> el pr\u00f3ximo 02 de agosto en las instalaciones del Centro de Convenciones de la Municipalidad de Cusco, a partir de las 4:00 p.m.<\/p>\n<p style=\"text-align: justify;\">El estudio ha tenido como objetivo recoger los conocimientos que mujeres y varones tienen para utilizar y manejar el agua a partir de sus usos y costumbres en dos cuencas: Par\u00f3n-Llull\u00e1n (Caraz, Ancash) y Ca\u00f1ip\u00eda (Espinar, Cusco), el estudio ha tomado en cuenta la revaloraci\u00f3n de aquellos conocimientos end\u00f3genos que ha permitido la supervivencia de las culturas a lo largo de la historia. El estudio estuvo dirigido por el Antrop\u00f3logo Luis Mujica y apoyado por l\u00edderes y promotores locales de Espinar y Caraz. El documento de investigaci\u00f3n fue realizado por encargo de Derechos Humanos sin Fronteras (DHSF) y la Comisi\u00f3n Episcopal de Acci\u00f3n Social (CEAS).<\/p>\n<p style=\"text-align: justify;\">Otro elemento importante en la investigaci\u00f3n, es la relaci\u00f3n existente, entre el agua, territorio y poder; debido que en ambas zonas de estudio existen intereses econ\u00f3micos que han provocado alteraciones a los ecosistemas, afectando los patrones de relacionamiento de la poblaci\u00f3n. Por ello, a trav\u00e9s de \u2018Vida y Agua en Caraz y Espinar\u2019 se busca visibilizar los conocimientos y experiencias de las poblaciones con mayor vulnerabilidad y contribuir en la b\u00fasqueda de un desarrollo humano integral, desde las m\u00faltiples miradas. En suma, el libro nos muestra las iniciativas de las comunidades en Caraz y Espinar, sobre el manejo del agua, considerando su cosmovisi\u00f3n y pr\u00e1cticas culturales.<\/p>\n<p style=\"text-align: justify;\">Luis M\u00fajica es docente del Departamento de Ciencias Sociales de la Pontificia Universidad Catolica del Per\u00fa &#8211; PUCP y Coordinador de Grupos de Investigaci\u00f3n del Instituto de Ciencias de la Naturaleza, Territorio y Energ\u00edas Renovables de la Pontificia Universidad Cat\u00f3lica del Per\u00fa (INTE-PUCP), estar\u00e1 en la ciudad imperial para presentar el libro, as\u00ed mismo acompa\u00f1aran en los comentarios un representante de Derechos Humanos Sin Fronteras y un lider local de Espinar.<\/p>\n<p style=\"text-align: justify;\"><strong>Presentacion el libro en Cusco:<\/strong><\/p>\n<p>Fecha: miercoles 02 de agosto<\/p>\n<p>Lugar: Centro de Convenciones de la Municipalidad de Cusco<\/p>\n<p style=\"text-align: justify;\">Hora: 4:00 p.m.<\/p>\n<p style=\"text-align: justify;\">Contacto: derechossinfronterascusco@gmail.com<\/p>\n<p style=\"text-align: justify;\"><strong>Presentaci\u00f3n del libro en Espinar:<\/strong><\/p>\n<p style=\"text-align: justify;\">Fecha: martes 08 de agosto.<\/p>\n<p style=\"text-align: justify;\">Lugar: Auditorio de la Municipalidad Provincial de Espinar<\/p>\n<p style=\"text-align: justify;\">Hora: 10:00 a.m.<\/p>\n<p style=\"text-align: justify;\">Contacto: derechossinfronterascusco@gmail.com<\/p>","protected":false},"excerpt":{"rendered":"<p>El libro que nos ense\u00f1a revalorar el manejo sostenible del agua desde nuestras practicas ancestrales En el marco de las actividades del \u2018Foro Internacional de Ciencias Sociales\u2019, que tiene como sede Cusco -del 02 al 05 de Agosto- se presentar\u00e1 el Estudio Etnogr\u00e1fico: \u201cVida y Agua en Caraz y Espinar\u201d el pr\u00f3ximo 02 de agosto [&hellip;]<\/p>\n","protected":false},"author":1,"featured_media":5006,"comment_status":"closed","ping_status":"open","sticky":false,"template":"","format":"standard","meta":{"_monsterinsights_skip_tracking":false,"_monsterinsights_sitenote_active":false,"_monsterinsights_sitenote_note":"","_monsterinsights_sitenote_category":0,"_jetpack_memberships_contains_paid_content":false,"footnotes":"","jetpack_publicize_message":"","jetpack_publicize_feature_enabled":true,"jetpack_social_post_already_shared":false,"jetpack_social_options":{"image_generator_settings":{"template":"highway","default_image_id":0,"font":"","enabled":false},"version":2}},"categories":[1],"tags":[],"class_list":["post-5005","post","type-post","status-publish","format-standard","has-post-thumbnail","hentry","category-sin-categoria"],"blocksy_meta":[],"jetpack_publicize_connections":[],"jetpack_featured_media_url":"https:\/\/derechosinfronteras.pe\/wp-content\/uploads\/2017\/08\/01-Libro.png","jetpack_sharing_enabled":true,"jetpack_likes_enabled":true,"_links":{"self":[{"href":"https:\/\/derechosinfronteras.pe\/ingles\/wp-json\/wp\/v2\/posts\/5005","targetHints":{"allow":["GET"]}}],"collection":[{"href":"https:\/\/derechosinfronteras.pe\/ingles\/wp-json\/wp\/v2\/posts"}],"about":[{"href":"https:\/\/derechosinfronteras.pe\/ingles\/wp-json\/wp\/v2\/types\/post"}],"author":[{"embeddable":true,"href":"https:\/\/derechosinfronteras.pe\/ingles\/wp-json\/wp\/v2\/users\/1"}],"replies":[{"embeddable":true,"href":"https:\/\/derechosinfronteras.pe\/ingles\/wp-json\/wp\/v2\/comments?post=5005"}],"version-history":[{"count":0,"href":"https:\/\/derechosinfronteras.pe\/ingles\/wp-json\/wp\/v2\/posts\/5005\/revisions"}],"wp:featuredmedia":[{"embeddable":true,"href":"https:\/\/derechosinfronteras.pe\/ingles\/wp-json\/wp\/v2\/media\/5006"}],"wp:attachment":[{"href":"https:\/\/derechosinfronteras.pe\/ingles\/wp-json\/wp\/v2\/media?parent=5005"}],"wp:term":[{"taxonomy":"category","embeddable":true,"href":"https:\/\/derechosinfronteras.pe\/ingles\/wp-json\/wp\/v2\/categories?post=5005"},{"taxonomy":"post_tag","embeddable":true,"href":"https:\/\/derechosinfronteras.pe\/ingles\/wp-json\/wp\/v2\/tags?post=5005"}],"curies":[{"name":"wp","href":"https:\/\/api.w.org\/{rel}","templated":true}]}}