{"id":5014,"date":"2017-07-18T18:53:51","date_gmt":"2017-07-18T23:53:51","guid":{"rendered":"http:\/\/derechosinfronteras.pe\/?p=2783"},"modified":"2017-07-18T18:53:51","modified_gmt":"2017-07-18T23:53:51","slug":"pronunciamiento-5-anos-despues-del-conflicto-de-espinar-se-hizo-justicia-juzgado-de-ica-absuelve-a-dirigentes-denunciados","status":"publish","type":"post","link":"https:\/\/derechosinfronteras.pe\/ingles\/pronunciamiento-5-anos-despues-del-conflicto-de-espinar-se-hizo-justicia-juzgado-de-ica-absuelve-a-dirigentes-denunciados\/","title":{"rendered":"[PRONUNCIAMIENTO] 5 a\u00f1os despu\u00e9s del conflicto de Espinar se hizo justicia, Juzgado de Ica absuelve a dirigentes denunciados"},"content":{"rendered":"<p style=\"text-align: justify;\">En mayo del 2012, la poblaci\u00f3n de Espinar dijo basta a los impactos ambientales y sociales negativos que causaba la empresa minera Xstrata, hoy Glencore y pidi\u00f3 la firma de un nuevo Convenio Marco con la empresa minera por los nuevos yacimientos mineros iniciados como Antapaccay. Esta protesta leg\u00edtima de la poblaci\u00f3n gener\u00f3 que el uso abusivo de la fuerza que tuvo como saldo 3 personas fallecidas<strong>: Walter Sencia, Rudecindo Manuelo y F\u00e9lix Yauri<\/strong>, adem\u00e1s de una decena de heridos, as\u00ed como varias personas detenidas y torturadas por miembros de la PNP al interior del campamento minero. Adem\u00e1s, por el solo hecho de ejercer su derecho a la protesta social, los dirigentes sociales y defensores de derechos humanos de su comunidad fueron sometidos a un proceso judicial que ha durado cinco a\u00f1os.<\/p>\n<p style=\"text-align: justify;\">Ayer, 17 de julio, el Juez del primer juzgado unipersonal de Ica, absolvi\u00f3 a <strong>Oscar Mollohuanca, ex alcalde de Espinar, as\u00ed como a Herber Huam\u00e1n y Sergio Huaman\u00ed presidente y vicepresidente del Frente de Defensa de Espinar (FUDIE) <\/strong>y los declar\u00f3 <strong>inocentes<\/strong>. La Fiscal\u00eda hab\u00eda solicitado 20 a\u00f1os de prisi\u00f3n efectiva, y una reparaci\u00f3n civil de 100 mil soles. Antes tambi\u00e9n estuvieron denunciados los ex serenos y el trabajador de la Vicar\u00eda de Solidaridad de Sicuani: Romualdo Te\u00f3filo Ttito Pinto, quienes fueron absueltos durante la etapa de investigaci\u00f3n fiscal.<\/p>\n<p style=\"text-align: justify;\">Frente a los hechos narrados y esta sentencia la <strong>Coordinadora Nacional de Derechos Humanos y la Asociaci\u00f3n Derechos Humanos Sin Fronteras<\/strong> manifiestan a la opini\u00f3n publica lo siguiente:<\/p>\n<p style=\"text-align: justify;\">\n<ul style=\"text-align: justify;\">\n<li>El proceso judicial seguido a los tres l\u00edderes fue injusto desde el principio. No se respetaron principios constitucionales importantes como el Juez Natural o ser sometidos a un proceso con suficientes elementos de convicci\u00f3n.<\/li>\n<\/ul>\n<ul style=\"text-align: justify;\">\n<li>El Poder Judicial y el Ministerio P\u00fablico no pueden denunciar a ciudadanos por ejercer de manera leg\u00edtima su derecho a la protesta social.<\/li>\n<\/ul>\n<ul style=\"text-align: justify;\">\n<li>Este proceso se ha convertido en un ejemplo simb\u00f3lico de como el Estado Peruano ha mantenido su pol\u00edtica de criminalizaci\u00f3n de la protesta social.<\/li>\n<\/ul>\n<ul style=\"text-align: justify;\">\n<li>La empresa minera debe asumir su responsabilidad por facilitar sus instalaciones para que miembros de la PNP abusaran y torturaran a las personas detenidas en una comisaria al interior del campamento minero.<\/li>\n<\/ul>\n<ul style=\"text-align: justify;\">\n<li>Los reclamos de la poblaci\u00f3n de Espinar siguen vigentes y son leg\u00edtimos. Quieren el desarrollo de su poblaci\u00f3n, sin contaminaci\u00f3n.<\/li>\n<\/ul>\n<p style=\"text-align: justify;\">\u00a0Es imperativo que se investigue, procese y se sancione a los responsables de las muertes de los tres ciudadanos de Espinar que murieron producto del accionar de la PNP.<\/p>\n<p style=\"text-align: justify;\">\u00a0La protesta social es un derecho humano, derecho reconocido en convenios y tratados internacionales que el Per\u00fa ha suscrito, por ello consideramos justa la sentencia absolutoria a los tres l\u00edderes de Espinar y por ende para toda la provincia de Espinar.<\/p>\n<p style=\"text-align: right;\">\u00a0Cusco, 17 de julio de 2017.<\/p>","protected":false},"excerpt":{"rendered":"<p>En mayo del 2012, la poblaci\u00f3n de Espinar dijo basta a los impactos ambientales y sociales negativos que causaba la empresa minera Xstrata, hoy Glencore y pidi\u00f3 la firma de un nuevo Convenio Marco con la empresa minera por los nuevos yacimientos mineros iniciados como Antapaccay. Esta protesta leg\u00edtima de la poblaci\u00f3n gener\u00f3 que el [&hellip;]<\/p>\n","protected":false},"author":1,"featured_media":5015,"comment_status":"closed","ping_status":"open","sticky":false,"template":"","format":"standard","meta":{"_monsterinsights_skip_tracking":false,"_monsterinsights_sitenote_active":false,"_monsterinsights_sitenote_note":"","_monsterinsights_sitenote_category":0,"_jetpack_memberships_contains_paid_content":false,"footnotes":"","jetpack_publicize_message":"","jetpack_publicize_feature_enabled":true,"jetpack_social_post_already_shared":false,"jetpack_social_options":{"image_generator_settings":{"template":"highway","default_image_id":0,"font":"","enabled":false},"version":2}},"categories":[1],"tags":[],"class_list":["post-5014","post","type-post","status-publish","format-standard","has-post-thumbnail","hentry","category-sin-categoria"],"blocksy_meta":[],"jetpack_publicize_connections":[],"jetpack_featured_media_url":"https:\/\/derechosinfronteras.pe\/wp-content\/uploads\/2017\/07\/Pronunciamiento-e1500421860475.jpg","jetpack_sharing_enabled":true,"jetpack_likes_enabled":true,"_links":{"self":[{"href":"https:\/\/derechosinfronteras.pe\/ingles\/wp-json\/wp\/v2\/posts\/5014","targetHints":{"allow":["GET"]}}],"collection":[{"href":"https:\/\/derechosinfronteras.pe\/ingles\/wp-json\/wp\/v2\/posts"}],"about":[{"href":"https:\/\/derechosinfronteras.pe\/ingles\/wp-json\/wp\/v2\/types\/post"}],"author":[{"embeddable":true,"href":"https:\/\/derechosinfronteras.pe\/ingles\/wp-json\/wp\/v2\/users\/1"}],"replies":[{"embeddable":true,"href":"https:\/\/derechosinfronteras.pe\/ingles\/wp-json\/wp\/v2\/comments?post=5014"}],"version-history":[{"count":0,"href":"https:\/\/derechosinfronteras.pe\/ingles\/wp-json\/wp\/v2\/posts\/5014\/revisions"}],"wp:featuredmedia":[{"embeddable":true,"href":"https:\/\/derechosinfronteras.pe\/ingles\/wp-json\/wp\/v2\/media\/5015"}],"wp:attachment":[{"href":"https:\/\/derechosinfronteras.pe\/ingles\/wp-json\/wp\/v2\/media?parent=5014"}],"wp:term":[{"taxonomy":"category","embeddable":true,"href":"https:\/\/derechosinfronteras.pe\/ingles\/wp-json\/wp\/v2\/categories?post=5014"},{"taxonomy":"post_tag","embeddable":true,"href":"https:\/\/derechosinfronteras.pe\/ingles\/wp-json\/wp\/v2\/tags?post=5014"}],"curies":[{"name":"wp","href":"https:\/\/api.w.org\/{rel}","templated":true}]}}