{"id":5018,"date":"2017-07-14T17:05:58","date_gmt":"2017-07-14T22:05:58","guid":{"rendered":"http:\/\/derechosinfronteras.pe\/?p=2771"},"modified":"2017-07-14T17:05:58","modified_gmt":"2017-07-14T22:05:58","slug":"miremos-rio-arriba-declaracion-del-encuentro-nacional-por-el-agua-yaku-2017","status":"publish","type":"post","link":"https:\/\/derechosinfronteras.pe\/ingles\/miremos-rio-arriba-declaracion-del-encuentro-nacional-por-el-agua-yaku-2017\/","title":{"rendered":"Miremos r\u00edo arriba: Declaraci\u00f3n del Encuentro Nacional por el Agua, Yaku 2017"},"content":{"rendered":"<p style=\"text-align: justify;\">Los d\u00edas 5, 6 y 7 de julio en la ciudad de Lima nos hemos reunido representantes de 18 regiones del Per\u00fa de comunidades, organizaciones sociales, frentes de defensa, instituciones, acad\u00e9micos y diversos colectivos que defendemos el agua de todos los peruanos y peruanas.<\/p>\n<p style=\"text-align: justify;\">Estos d\u00edas han servido para compartir nuestras diferentes luchas y resistencias, y proponer soluciones y acciones desde los pueblos en defensa de nuestras diversas fuentes de agua: glaciares, p\u00e1ramos, lagunas alto andinas, acu\u00edferos, bosques amaz\u00f3nicos, entre otras.<\/p>\n<p style=\"text-align: justify;\">En este encuentro expresamos y sentimos la necesidad de decirle al pa\u00eds que el agua no sale del ca\u00f1o, sino que hay que mirar r\u00edo arriba. Debemos recordar que hace apenas unos meses gran parte del territorio nacional fue declarado en estr\u00e9s h\u00eddrico por sequ\u00edas, ausencia de lluvias.<\/p>\n<p style=\"text-align: justify;\">La gesti\u00f3n del agua ahora es injusta, inequitativa y beneficia a los grandes grupos econ\u00f3micos (empresas). Criticamos al Estado por seguir otorgando concesiones mineras, de hidrocarburos, hidroel\u00e9ctricas, forestales que ponen en peligro el suministro y la calidad del agua. El Estado debe cumplir con sancionar a los que contaminan y destruyen las fuentes de agua, respetando los derechos de todos los peruanos y peruanas, frente a la contaminaci\u00f3n del agua con minerales pesados, uso de agroqu\u00edmicos, destrucci\u00f3n de bosques, etc.<\/p>\n<p style=\"text-align: justify;\">Muchas de las discusiones han girado en torno a la necesidad del cuidado de nuestras cuencas y principalmente de las cabeceras, hoy en peligro permanente por proyectos extractivos y de trasvases, principalmente para la agroexportaci\u00f3n. Todo ello pone en riesgo el agua que se utiliza para la agricultura de subsistencia, as\u00ed como para el agua potable de las ciudades.<\/p>\n<p style=\"text-align: justify;\">El escenario es complejo y diverso en cada uno de nuestros territorios; con importantes logros en varios casos; resistencias que han logrado paralizar mega proyectos que pretend\u00edan destruir nuestras fuentes de agua y que amenazaban los territorios; pero al mismo tiempo se siguen presentando serias amenazas que persisten y que se acrecientan.<\/p>\n<p style=\"text-align: justify;\">Este encuentro ratifica que el agua une a los pueblos, porque es nuestra fuente de vida y un elemento fundamental de nuestra identidad y cultura, que se comparte a lo largo de r\u00edos, cuencas y diversos ecosistemas. Es importante todo lo hecho hasta ahora por nuestras organizaciones en los territorios; sin embargo, es necesario seguir avanzando para fortalecer las luchas de nuestros pueblos.<\/p>\n<p style=\"text-align: justify;\">Se nos plantean diversos retos y amenazas en la actualidad, desde los diversos impactos por el cambio clim\u00e1tico, el retroceso de los glaciares y los impactos de distintas actividades extractivas, como la miner\u00eda, la agroexportaci\u00f3n, los hidrocarburos, las actividades ilegales, las hidroel\u00e9ctrica, como por ejemplo en la cuenca del Mara\u00f1\u00f3n, entre otras.<\/p>\n<p style=\"text-align: justify;\">Adem\u00e1s, desde el Estado se nos sigue ignorando; no nos consultan ni toman en cuenta las demandas de las poblaciones y persisten en el mismo modelo depredador que afecta los derechos de las poblaciones y de la Naturaleza. No somos los pueblos los que buscamos estar en conflicto, sino es la imposici\u00f3n de proyectos econ\u00f3micos y modos de vida que no nos deja otra opci\u00f3n que reaccionar, defendernos y resistir.<\/p>\n<p style=\"text-align: justify;\">Por ello, necesitamos reforzar nuestros niveles de articulaci\u00f3n y pensar en un plan de acci\u00f3n que, definiendo prioridades nos permita trabajar y seguir avanzando en cada uno de nuestros territorios. La lucha por el agua es t\u00e9cnica, legal, pol\u00edtica, organizativa y cultural, y es una lucha de todos y todas. Por eso es importante reconocer el rol fundamental jugado por las mujeres en estas luchas en cada uno de los rincones del pa\u00eds, dado que no solo disputan con el gran poder empresarial que destruye sus r\u00edos y tierras, sino que tienen que estar batallando por ganar un espacio de representaci\u00f3n dentro de sus propias organizaciones.<\/p>\n<p style=\"text-align: justify;\">Son diversas las propuestas que se han planteado en estos d\u00edas de trabajo: la necesidad de subrayar cuantas veces sea necesario que el agua es un derecho humano y un bien com\u00fan que debe ser defendido; el objetivo de recuperar la gesti\u00f3n comunal\/colectiva de los territorios y de los bienes comunes, entre ellos el agua; impulsar pol\u00edticas de ordenamiento territorial desde abajo; valorar los saberes locales y reconocer plenamente los derechos de los pueblos ind\u00edgenas, incluyendo el derecho de las comunidades campesinas a la consulta previa, libre e informada y a decidir sobre su modelo de desarrollo; impedir la privatizaci\u00f3n del agua, recuperar el derecho de la gesti\u00f3n colectiva del agua desde las subcuencas; fortalecer las organizaciones de nuestras comunidades.<\/p>\n<p style=\"text-align: justify;\">Proponemos un modelo alternativo en el que los pueblos y comunidades decidamos sobre nuestros modos de vida y podamos gestionar los bienes comunes. Al Estado le exigimos que cese la criminalizaci\u00f3n de los defensores del agua; que se respete plenamente el derecho a la consulta previa, libre e informada; que se trabajen leyes que permitan de manera efectiva la protecci\u00f3n de nuestros territorios y las fuentes de agua para enfrentar las amenazas frente al cambio clim\u00e1tico y los modelos productivos depredadores. Que derogue el decreto legislativo N\u00ba 1280 que busca privatizar las empresas de agua a nivel nacional. Necesitamos un Estado que escuche y que est\u00e9 con nuestros pueblos.<\/p>\n<p style=\"text-align: justify;\">Luego de estos d\u00edas de trabajo nos proponemos un plan de acci\u00f3n con las siguientes acciones prioritarias:<\/p>\n<h3 class=\"nota-interior-subtitulo\" style=\"text-align: justify;\"><strong>A nuestras organizaciones<\/strong><\/h3>\n<ul style=\"text-align: justify;\">\n<li>Fortalecer de manera efectiva nuestros niveles de articulaci\u00f3n en plataformas que de acuerdo a la realidad de cada territorio, desarrollen diversas acciones a nivel local, regional y nacional. El encuentro de Lima apunta a generar un proceso sostenido de coordinaci\u00f3n e intercambio que ser\u00e1 forjado, de abajo hacia arriba, desde las comunidades, los peque\u00f1os productores, usuarios de agua y diversos colectivos urbanos que vienen trabajando en todo el pa\u00eds. Nuestro compromiso es organizar los encuentros locales, regionales y macroregionales de organizaciones y defensores del agua.<\/li>\n<li>Para ello, proponemos replicar actividades de articulaci\u00f3n a nivel de las regiones y macroregiones, para llegar de manera efectiva a los territorios. Este proceso reconoce el rol estelar de las comunidades y se define como un proceso que se construye de abajo hacia arriba y en movilizaci\u00f3n permanente. Por eso vemos como necesidad que el Encuentro Nacional se debe convocar cada dos a\u00f1os para consolidarlo como un espacio sostenido de reflexi\u00f3n y toma de decisi\u00f3n de acciones nacionales en defensa del agua.<\/li>\n<li>Proponemos organizar una plataforma de informaci\u00f3n que permita un seguimiento a las diferentes acciones que nuestras organizaciones vienen realizando por la defensa de sus fuentes de agua. La base de datos de las diferentes organizaciones y redes nacionales es un primer avance que debe potenciarse para permitir un seguimiento a los diferentes conflictos vinculados al agua que se presentan en todo el pa\u00eds y realizar una campa\u00f1a nacional. Este debe ser el primer paso para la conformaci\u00f3n de un Observatorio Nacional del Agua.<\/li>\n<li>Se conformar\u00e1 una red nacional de acci\u00f3n inmediata y protecci\u00f3n para la protecci\u00f3n de defensores y defensoras del agua.<\/li>\n<\/ul>\n<h3 class=\"nota-interior-subtitulo\" style=\"text-align: justify;\"><strong>Frente al Estado<\/strong><\/h3>\n<ul style=\"text-align: justify;\">\n<li>Iniciar un di\u00e1logo nacional que impulse una verdadera Autoridad Nacional del Agua que tenga una real autonom\u00eda y que reduzca la dependencia actual y el control que ejercen los diferentes grupos econ\u00f3micos y los sectores que precisamente han provocado una gesti\u00f3n ca\u00f3tica y desigual del agua.<\/li>\n<li>Exigimos una pol\u00edtica de salud que proteja de manera efectiva a las poblaciones afectadas, castigando a los responsables de la contaminaci\u00f3n. La propuesta es que se detenga la contaminaci\u00f3n y que se compense a los afectados.<\/li>\n<li>Llamamos a nuestros representantes en el Congreso y a las instituciones del Estado peruano a dise\u00f1ar con las poblaciones las pol\u00edticas p\u00fablicas necesarias que hagan efectivo el reconocimiento del agua como derecho humano y que protejan las fuentes de agua y cabeceras de cuencas. Se deben reconocer nuestros conocimientos ancestrales que son una herramienta fundamental para una adecuada gesti\u00f3n del agua que adem\u00e1s permite la actividad de peque\u00f1os agricultores y asegura la canasta de alimentos del pa\u00eds (seguridad alimentaria) de todos los peruanos y peruanas. Rechazamos la concentraci\u00f3n de aguas y tierras.<\/li>\n<li>Exigimos la derogatoria de la ley de criminalizaci\u00f3n de la protesta social que persigue a nuestros defensores y defensoras por el agua a nivel nacional.<\/li>\n<li>Nos comprometemos, los l\u00edderes y lideresas en mejorar nuestra gesti\u00f3n territorial del agua. Estamos comprometidos a participar en el ordenamiento territorial y exigimos al Estado procesos participativos, justos, equitativos y con transparencia.<\/li>\n<li>Solicitamos que las Juntas de Usuarios sean legitimadas por el pueblo y que la normatividad asegure una mayor fiscalizaci\u00f3n de la ciudadan\u00eda y las pr\u00e1cticas democr\u00e1ticas para la elecci\u00f3n de representantes, rotativamente e inclusivamente. Criticamos la pol\u00edtica deforestaci\u00f3n de la Amazon\u00eda, porque permite las lluvias presentes y futuras en el resto del pa\u00eds.<\/li>\n<\/ul>\n<p style=\"text-align: justify;\">Por \u00faltimo, aprobamos la organizaci\u00f3n de la segunda Marcha Nacional por el Agua, que tenga como plataforma la exigencia de participaci\u00f3n y representaci\u00f3n de las comunidades y peque\u00f1os productores, colectivos urbanos, colectivos de mujeres, j\u00f3venes, en las decisiones sobre las pol\u00edticas nacionales vinculadas a la gesti\u00f3n del agua y el dise\u00f1o de una nueva institucionalidad que realmente responda a las necesidades de los pueblos y no de los poderosos y sus negocios en el Per\u00fa.<\/p>\n<p style=\"text-align: justify;\">Conoce m\u00e1s de las indicencias del encuentro en: <a href=\"http:\/\/yaku2017.pe\/\" target=\"_blank\" rel=\"noopener\">Yaku 2017<\/a><\/p>","protected":false},"excerpt":{"rendered":"<p>Los d\u00edas 5, 6 y 7 de julio en la ciudad de Lima nos hemos reunido representantes de 18 regiones del Per\u00fa de comunidades, organizaciones sociales, frentes de defensa, instituciones, acad\u00e9micos y diversos colectivos que defendemos el agua de todos los peruanos y peruanas. Estos d\u00edas han servido para compartir nuestras diferentes luchas y resistencias, [&hellip;]<\/p>\n","protected":false},"author":1,"featured_media":5019,"comment_status":"closed","ping_status":"open","sticky":false,"template":"","format":"standard","meta":{"_monsterinsights_skip_tracking":false,"_monsterinsights_sitenote_active":false,"_monsterinsights_sitenote_note":"","_monsterinsights_sitenote_category":0,"_jetpack_memberships_contains_paid_content":false,"footnotes":"","jetpack_publicize_message":"","jetpack_publicize_feature_enabled":true,"jetpack_social_post_already_shared":false,"jetpack_social_options":{"image_generator_settings":{"template":"highway","default_image_id":0,"font":"","enabled":false},"version":2}},"categories":[1],"tags":[],"class_list":["post-5018","post","type-post","status-publish","format-standard","has-post-thumbnail","hentry","category-sin-categoria"],"blocksy_meta":[],"jetpack_publicize_connections":[],"jetpack_featured_media_url":"https:\/\/derechosinfronteras.pe\/wp-content\/uploads\/2017\/07\/Encuentro-del-Agua-e1501688527879.jpg","jetpack_sharing_enabled":true,"jetpack_likes_enabled":true,"_links":{"self":[{"href":"https:\/\/derechosinfronteras.pe\/ingles\/wp-json\/wp\/v2\/posts\/5018","targetHints":{"allow":["GET"]}}],"collection":[{"href":"https:\/\/derechosinfronteras.pe\/ingles\/wp-json\/wp\/v2\/posts"}],"about":[{"href":"https:\/\/derechosinfronteras.pe\/ingles\/wp-json\/wp\/v2\/types\/post"}],"author":[{"embeddable":true,"href":"https:\/\/derechosinfronteras.pe\/ingles\/wp-json\/wp\/v2\/users\/1"}],"replies":[{"embeddable":true,"href":"https:\/\/derechosinfronteras.pe\/ingles\/wp-json\/wp\/v2\/comments?post=5018"}],"version-history":[{"count":0,"href":"https:\/\/derechosinfronteras.pe\/ingles\/wp-json\/wp\/v2\/posts\/5018\/revisions"}],"wp:featuredmedia":[{"embeddable":true,"href":"https:\/\/derechosinfronteras.pe\/ingles\/wp-json\/wp\/v2\/media\/5019"}],"wp:attachment":[{"href":"https:\/\/derechosinfronteras.pe\/ingles\/wp-json\/wp\/v2\/media?parent=5018"}],"wp:term":[{"taxonomy":"category","embeddable":true,"href":"https:\/\/derechosinfronteras.pe\/ingles\/wp-json\/wp\/v2\/categories?post=5018"},{"taxonomy":"post_tag","embeddable":true,"href":"https:\/\/derechosinfronteras.pe\/ingles\/wp-json\/wp\/v2\/tags?post=5018"}],"curies":[{"name":"wp","href":"https:\/\/api.w.org\/{rel}","templated":true}]}}