{"id":5023,"date":"2017-07-14T15:57:16","date_gmt":"2017-07-14T20:57:16","guid":{"rendered":"http:\/\/derechosinfronteras.pe\/?p=2761"},"modified":"2023-12-28T20:54:19","modified_gmt":"2023-12-29T01:54:19","slug":"amnistia-internacional-se-pronuncia-a-favor-de-los-procesados-por-el-caso-espinar","status":"publish","type":"post","link":"https:\/\/derechosinfronteras.pe\/ingles\/amnistia-internacional-se-pronuncia-a-favor-de-los-procesados-por-el-caso-espinar\/","title":{"rendered":"Amnist\u00eda Internacional se pronuncia a favor de los procesados por el caso Espinar"},"content":{"rendered":"<p style=\"text-align: justify;\">Semanas atr\u00e1s Amnist\u00eda Internacional lanz\u00f3 su campa\u00f1a \u201cValiente\u201d, como respuesta a la agresi\u00f3n que cientos de personas sufren en el mundo por defender los derechos humanos. Esta campa\u00f1a pide a los Estados que reconozcan el trabajo leg\u00edtimo de las y los defensores de derechos humanos y establezcan medidas eficaces para protegerlos.<\/p>\n<p style=\"text-align: justify;\">En el marco de esta campa\u00f1a, se han visibilizado casos de criminalizaci\u00f3n de la protesta en diferentes partes del mundo. El 13 de julio, incluyeron como uno de los \u2018Valientes\u2019 a Oscar Mollohuanca, ex alcalde de la provincia de Espinar, Cusco, por el proceso judicial que afronta por defender su territorio en el conflicto que se suscit\u00f3 en mayo del 2012.<\/p>\n<p style=\"text-align: justify;\">La campa\u00f1a tambi\u00e9n destaca la participaci\u00f3n de Herbert Huam\u00e1n y Sergio Huaman\u00ed Hilario, ex dirigentes del Frente \u00danico de Defensa de los Intereses de Espinar (FUDIE), quienes podr\u00edan ser sentenciados el pr\u00f3ximo 17 de julio.<\/p>\n<p style=\"text-align: justify;\">\u201cAmnist\u00eda Internacional expresa su preocupaci\u00f3n en torno a las acusaciones de la Fiscal\u00eda en contra de los defensores de derechos humanos que se basan \u00fanicamente en su rol como l\u00edderes comunitarios, consider\u00e1ndolos autom\u00e1ticamente como organizadores de las manifestaciones y responsables por cualquier da\u00f1o o delito causado, conducta que se contrapone a las normas internacionales de derechos humanos.\u201d Se\u00f1ala parte de su pronunciamiento.<\/p>\n<p style=\"text-align: justify;\">El texto culmina exhortando a las responsables del proceso judicial: Amnist\u00eda Internacional insta a las autoridades peruanas a asegurarse de que el sistema de justicia penal garantice la presunci\u00f3n de inocencia, el debido proceso y que no sea utilizado para intimidar, hostigar o silenciar el derecho a defender derechos humanos.<\/p>\n<p style=\"text-align: justify;\">Antes de Amnist\u00eda Internacional, ya se habr\u00eda pronunciado <a href=\"http:\/\/derechosinfronteras.pe\/ingles\/organizacion-internacional-se-pronuncia-a-favor-de-procesados-por-el-caso-espinar\/\">Front Line Defenders<\/a>, otra importante organizaci\u00f3n de derechos humanos a nivel mundial.<\/p>\n<p style=\"text-align: justify;\">\n<p>Puedes leer el pronunciamiento completo de AI aqu\u00ed: <a href=\"http:\/\/amnistia.org.pe\/noticia\/defensores-medio-ambiente-en-riesgo\/\" target=\"_blank\" rel=\"noopener\">goo.gl\/Nuu4Vb<\/a><\/p>\n<p>&nbsp;<\/p>","protected":false},"excerpt":{"rendered":"<p>Semanas atr\u00e1s Amnist\u00eda Internacional lanz\u00f3 su campa\u00f1a \u201cValiente\u201d, como respuesta a la agresi\u00f3n que cientos de personas sufren en el mundo por defender los derechos humanos. Esta campa\u00f1a pide a los Estados que reconozcan el trabajo leg\u00edtimo de las y los defensores de derechos humanos y establezcan medidas eficaces para protegerlos. En el marco de [&hellip;]<\/p>\n","protected":false},"author":1,"featured_media":5024,"comment_status":"closed","ping_status":"open","sticky":false,"template":"","format":"standard","meta":{"_monsterinsights_skip_tracking":false,"_monsterinsights_sitenote_active":false,"_monsterinsights_sitenote_note":"","_monsterinsights_sitenote_category":0,"_jetpack_memberships_contains_paid_content":false,"footnotes":"","jetpack_publicize_message":"","jetpack_publicize_feature_enabled":true,"jetpack_social_post_already_shared":false,"jetpack_social_options":{"image_generator_settings":{"template":"highway","default_image_id":0,"font":"","enabled":false},"version":2}},"categories":[1],"tags":[],"class_list":["post-5023","post","type-post","status-publish","format-standard","has-post-thumbnail","hentry","category-sin-categoria"],"blocksy_meta":[],"jetpack_publicize_connections":[],"jetpack_featured_media_url":"https:\/\/derechosinfronteras.pe\/wp-content\/uploads\/2017\/07\/AI-Espinar-e1500065704921.jpg","jetpack_sharing_enabled":true,"jetpack_likes_enabled":true,"_links":{"self":[{"href":"https:\/\/derechosinfronteras.pe\/ingles\/wp-json\/wp\/v2\/posts\/5023","targetHints":{"allow":["GET"]}}],"collection":[{"href":"https:\/\/derechosinfronteras.pe\/ingles\/wp-json\/wp\/v2\/posts"}],"about":[{"href":"https:\/\/derechosinfronteras.pe\/ingles\/wp-json\/wp\/v2\/types\/post"}],"author":[{"embeddable":true,"href":"https:\/\/derechosinfronteras.pe\/ingles\/wp-json\/wp\/v2\/users\/1"}],"replies":[{"embeddable":true,"href":"https:\/\/derechosinfronteras.pe\/ingles\/wp-json\/wp\/v2\/comments?post=5023"}],"version-history":[{"count":2,"href":"https:\/\/derechosinfronteras.pe\/ingles\/wp-json\/wp\/v2\/posts\/5023\/revisions"}],"predecessor-version":[{"id":7095,"href":"https:\/\/derechosinfronteras.pe\/ingles\/wp-json\/wp\/v2\/posts\/5023\/revisions\/7095"}],"wp:featuredmedia":[{"embeddable":true,"href":"https:\/\/derechosinfronteras.pe\/ingles\/wp-json\/wp\/v2\/media\/5024"}],"wp:attachment":[{"href":"https:\/\/derechosinfronteras.pe\/ingles\/wp-json\/wp\/v2\/media?parent=5023"}],"wp:term":[{"taxonomy":"category","embeddable":true,"href":"https:\/\/derechosinfronteras.pe\/ingles\/wp-json\/wp\/v2\/categories?post=5023"},{"taxonomy":"post_tag","embeddable":true,"href":"https:\/\/derechosinfronteras.pe\/ingles\/wp-json\/wp\/v2\/tags?post=5023"}],"curies":[{"name":"wp","href":"https:\/\/api.w.org\/{rel}","templated":true}]}}