{"id":5025,"date":"2017-07-13T18:56:12","date_gmt":"2017-07-13T23:56:12","guid":{"rendered":"http:\/\/derechosinfronteras.pe\/?p=2746"},"modified":"2017-07-13T18:56:12","modified_gmt":"2017-07-13T23:56:12","slug":"espinar-pobladores-de-huillcarani-protestan-por-polvareda-que-genera-el-paso-de-vehiculos-de-empresas-mineras","status":"publish","type":"post","link":"https:\/\/derechosinfronteras.pe\/ingles\/espinar-pobladores-de-huillcarani-protestan-por-polvareda-que-genera-el-paso-de-vehiculos-de-empresas-mineras\/","title":{"rendered":"Espinar: Pobladores de Huillcarani protestan por polvareda que genera el paso de veh\u00edculos de empresas mineras"},"content":{"rendered":"<p><strong>(13\/07\/2017)<\/strong> Los pobladores del sector de Huillcarani, de la comunidad de Huisa, comenzaron una protesta hoy a las 4 de la madrugada, exigiendo el <strong>riego de la carretera<\/strong> por donde transitan los carros de las empresas mineras Glencore- Antapaccay, Hud Bay y Las Bambas.<\/p>\n<p>La presidenta de Huillcarani, Julia Umasi, explic\u00f3 que desde enero de este a\u00f1o se dej\u00f3 de regar la carretera, por lo que se produce mucho m\u00e1s polvo que antes, lo que perjudica a las comunidades aleda\u00f1as a la v\u00eda. As\u00ed mismo, explic\u00f3 que la comunidad envi\u00f3 documentos a la empresa minera Glencore-Antapaccay en reiteradas oportunidades y que \u00e9sta no les dio ninguna respuesta.<\/p>\n<p>La carretera Espinar \u2013 Arequipa estuvo bloqueada hasta la media ma\u00f1ana de hoy y luego fue aperturada, ya que la empresa minera que opera en la zona envi\u00f3 un representante con quien tuvieron una reuni\u00f3n que termin\u00f3 sin acuerdos. Sin embargo, <strong>los pobladores esperan tener otra reuni\u00f3n ma\u00f1ana<\/strong>, que congregue a los representantes de Huillcarani, Huisa y los de las empresas mineras mencionadas.<\/p>\n<p><img fetchpriority=\"high\" decoding=\"async\" class=\"wp-image-2754 aligncenter\" src=\"http:\/\/derechosinfronteras.pe\/wp-content\/uploads\/2017\/07\/WhatsApp-Image-2017-07-13-at-6.53.02-PM-2-300x170.jpeg\" alt=\"\" width=\"456\" height=\"220\" \/><\/p>\n<p>\u201cNos hemos organizado y hemos bloqueado la carretera porque <strong>s\u00f3lo as\u00ed vienen y nos escuchan<\/strong> (la empresa), porque sino nos dejan, estamos all\u00ed tocando la puerta dos, tres horas y no nos abren\u201d, expres\u00f3 Julia Umasi. \u00a0Adem\u00e1s, manifest\u00f3: \u201clo \u00fanico que exigimos es nuestro derecho; no estamos pidiendo dinero ni nada econ\u00f3mico, s\u00f3lo queremos que rieguen la carretera, porque los carros de las empresas que pasan por aqu\u00ed hacen mucho polvo\u201d.<\/p>\n<p>Cabe indicar, que por esta carretera transitan en promedio m\u00e1s de 500 camiones diarios que transportan concentrado de cobre y\/o trasladan insumos qu\u00edmicos, entre otros materiales propios de la actividad minera.<\/p>\n<p>&nbsp;<\/p>\n<div style=\"width: 640px;\" class=\"wp-video\"><video class=\"wp-video-shortcode\" id=\"video-5025-1\" width=\"640\" height=\"352\" preload=\"metadata\" controls=\"controls\"><source type=\"video\/mp4\" src=\"http:\/\/derechosinfronteras.pe\/wp-content\/uploads\/2017\/07\/WhatsApp-Video-2017-07-13-at-10.51.25-AM.mp4?_=1\" \/><a href=\"http:\/\/derechosinfronteras.pe\/wp-content\/uploads\/2017\/07\/WhatsApp-Video-2017-07-13-at-10.51.25-AM.mp4\">http:\/\/derechosinfronteras.pe\/wp-content\/uploads\/2017\/07\/WhatsApp-Video-2017-07-13-at-10.51.25-AM.mp4<\/a><\/video><\/div>\n<p>Fotos y videos: Vidal Merma<\/p>\n<p>&nbsp;<\/p>\n<p>&nbsp;<\/p>","protected":false},"excerpt":{"rendered":"<p>(13\/07\/2017) Los pobladores del sector de Huillcarani, de la comunidad de Huisa, comenzaron una protesta hoy a las 4 de la madrugada, exigiendo el riego de la carretera por donde transitan los carros de las empresas mineras Glencore- Antapaccay, Hud Bay y Las Bambas. La presidenta de Huillcarani, Julia Umasi, explic\u00f3 que desde enero de [&hellip;]<\/p>\n","protected":false},"author":1,"featured_media":5026,"comment_status":"closed","ping_status":"open","sticky":false,"template":"","format":"standard","meta":{"_monsterinsights_skip_tracking":false,"_monsterinsights_sitenote_active":false,"_monsterinsights_sitenote_note":"","_monsterinsights_sitenote_category":0,"_jetpack_memberships_contains_paid_content":false,"footnotes":"","jetpack_publicize_message":"","jetpack_publicize_feature_enabled":true,"jetpack_social_post_already_shared":false,"jetpack_social_options":{"image_generator_settings":{"template":"highway","default_image_id":0,"font":"","enabled":false},"version":2}},"categories":[1],"tags":[],"class_list":["post-5025","post","type-post","status-publish","format-standard","has-post-thumbnail","hentry","category-sin-categoria"],"blocksy_meta":[],"jetpack_publicize_connections":[],"jetpack_featured_media_url":"https:\/\/derechosinfronteras.pe\/wp-content\/uploads\/2017\/07\/WhatsApp-Image-2017-07-13-at-10.45.43-AM-1-e1500421919735.jpg","jetpack_sharing_enabled":true,"jetpack_likes_enabled":true,"_links":{"self":[{"href":"https:\/\/derechosinfronteras.pe\/ingles\/wp-json\/wp\/v2\/posts\/5025","targetHints":{"allow":["GET"]}}],"collection":[{"href":"https:\/\/derechosinfronteras.pe\/ingles\/wp-json\/wp\/v2\/posts"}],"about":[{"href":"https:\/\/derechosinfronteras.pe\/ingles\/wp-json\/wp\/v2\/types\/post"}],"author":[{"embeddable":true,"href":"https:\/\/derechosinfronteras.pe\/ingles\/wp-json\/wp\/v2\/users\/1"}],"replies":[{"embeddable":true,"href":"https:\/\/derechosinfronteras.pe\/ingles\/wp-json\/wp\/v2\/comments?post=5025"}],"version-history":[{"count":0,"href":"https:\/\/derechosinfronteras.pe\/ingles\/wp-json\/wp\/v2\/posts\/5025\/revisions"}],"wp:featuredmedia":[{"embeddable":true,"href":"https:\/\/derechosinfronteras.pe\/ingles\/wp-json\/wp\/v2\/media\/5026"}],"wp:attachment":[{"href":"https:\/\/derechosinfronteras.pe\/ingles\/wp-json\/wp\/v2\/media?parent=5025"}],"wp:term":[{"taxonomy":"category","embeddable":true,"href":"https:\/\/derechosinfronteras.pe\/ingles\/wp-json\/wp\/v2\/categories?post=5025"},{"taxonomy":"post_tag","embeddable":true,"href":"https:\/\/derechosinfronteras.pe\/ingles\/wp-json\/wp\/v2\/tags?post=5025"}],"curies":[{"name":"wp","href":"https:\/\/api.w.org\/{rel}","templated":true}]}}