{"id":5027,"date":"2017-07-13T17:08:22","date_gmt":"2017-07-13T22:08:22","guid":{"rendered":"http:\/\/derechosinfronteras.pe\/?p=2741"},"modified":"2017-07-13T17:08:22","modified_gmt":"2017-07-13T22:08:22","slug":"trabajadores-de-glencore-antapaccay-se-uniran-a-paro-nacional","status":"publish","type":"post","link":"https:\/\/derechosinfronteras.pe\/ingles\/trabajadores-de-glencore-antapaccay-se-uniran-a-paro-nacional\/","title":{"rendered":"Trabajadores de \u2018Glencore Antapaccay\u2019 se unir\u00e1n a paro nacional"},"content":{"rendered":"<p style=\"text-align: justify;\">Uno de los acuerdos de la <strong>92\u00b0Asamblea Nacional de La Federaci\u00f3n Nacional de\u00a0Trabajadores Mineros Metal\u00fargicos\u00a0y Sider\u00fargicos del Per\u00fa \u2013 FNTMMSP<\/strong>, que se realiz\u00f3 el <strong>7 y 8 de junio<\/strong> en la capital, fue la realizaci\u00f3n de un <strong>paro nacional<\/strong> en contra de las nuevas normas impuestas por el Ejecutivo que intentan recortar derechos a los trabajadores.<\/p>\n<p style=\"text-align: justify;\">Con la participaci\u00f3n de representantes de <strong>54 gremios de todo el pa\u00eds<\/strong>, se aprob\u00f3 realizar un paro nacional el pr\u00f3ximo 19 de julio. La FNTMMSP viene convocando organizaciones de base, pues los recortes de derechos laborales afectar\u00e1n a todos los sectores.<\/p>\n<p style=\"text-align: justify;\">Frente a esta convocatoria, la Regi\u00f3n del #Cusco no podr\u00edan mantenerse al margen, y hoy los trabajadores de la empresa minera Glencore Antapaccay- que funciona en Espinar- <strong>anunciaron que se unir\u00e1n a la paralizaici\u00f3n<\/strong>. Despu\u00e9s de m\u00e1s de dos horas de reuni\u00f3n y debate, se decidi\u00f3 que se sumaran a los pedidos de la plataforma nacional de la FNTMMSP.<\/p>\n<p style=\"text-align: justify;\">Cabe se\u00f1alar que el Per\u00fa es uno de los pa\u00edses que producen m\u00e1s <strong>cobre, zinc y plata y oro a nivel mundial<\/strong>, lo que convierte a la miner\u00eda en una de las actividades m\u00e1s importante. <strong>Un solo d\u00eda de paralizaci\u00f3n significar\u00eda cuantiosas p\u00e9rdidas econ\u00f3micas.<\/strong><\/p>\n<p style=\"text-align: justify;\">\n<p style=\"text-align: right;\">Foto: Vidal Merma<\/p>","protected":false},"excerpt":{"rendered":"<p>Uno de los acuerdos de la 92\u00b0Asamblea Nacional de La Federaci\u00f3n Nacional de\u00a0Trabajadores Mineros Metal\u00fargicos\u00a0y Sider\u00fargicos del Per\u00fa \u2013 FNTMMSP, que se realiz\u00f3 el 7 y 8 de junio en la capital, fue la realizaci\u00f3n de un paro nacional en contra de las nuevas normas impuestas por el Ejecutivo que intentan recortar derechos a los [&hellip;]<\/p>\n","protected":false},"author":1,"featured_media":5028,"comment_status":"closed","ping_status":"open","sticky":false,"template":"","format":"standard","meta":{"_monsterinsights_skip_tracking":false,"_monsterinsights_sitenote_active":false,"_monsterinsights_sitenote_note":"","_monsterinsights_sitenote_category":0,"_jetpack_memberships_contains_paid_content":false,"footnotes":"","jetpack_publicize_message":"","jetpack_publicize_feature_enabled":true,"jetpack_social_post_already_shared":false,"jetpack_social_options":{"image_generator_settings":{"template":"highway","default_image_id":0,"font":"","enabled":false},"version":2}},"categories":[1],"tags":[],"class_list":["post-5027","post","type-post","status-publish","format-standard","has-post-thumbnail","hentry","category-sin-categoria"],"blocksy_meta":[],"jetpack_publicize_connections":[],"jetpack_featured_media_url":"https:\/\/derechosinfronteras.pe\/wp-content\/uploads\/2017\/07\/19983558_10211391506035904_7673027043523560737_o-e1499983429251.jpg","jetpack_sharing_enabled":true,"jetpack_likes_enabled":true,"_links":{"self":[{"href":"https:\/\/derechosinfronteras.pe\/ingles\/wp-json\/wp\/v2\/posts\/5027","targetHints":{"allow":["GET"]}}],"collection":[{"href":"https:\/\/derechosinfronteras.pe\/ingles\/wp-json\/wp\/v2\/posts"}],"about":[{"href":"https:\/\/derechosinfronteras.pe\/ingles\/wp-json\/wp\/v2\/types\/post"}],"author":[{"embeddable":true,"href":"https:\/\/derechosinfronteras.pe\/ingles\/wp-json\/wp\/v2\/users\/1"}],"replies":[{"embeddable":true,"href":"https:\/\/derechosinfronteras.pe\/ingles\/wp-json\/wp\/v2\/comments?post=5027"}],"version-history":[{"count":0,"href":"https:\/\/derechosinfronteras.pe\/ingles\/wp-json\/wp\/v2\/posts\/5027\/revisions"}],"wp:featuredmedia":[{"embeddable":true,"href":"https:\/\/derechosinfronteras.pe\/ingles\/wp-json\/wp\/v2\/media\/5028"}],"wp:attachment":[{"href":"https:\/\/derechosinfronteras.pe\/ingles\/wp-json\/wp\/v2\/media?parent=5027"}],"wp:term":[{"taxonomy":"category","embeddable":true,"href":"https:\/\/derechosinfronteras.pe\/ingles\/wp-json\/wp\/v2\/categories?post=5027"},{"taxonomy":"post_tag","embeddable":true,"href":"https:\/\/derechosinfronteras.pe\/ingles\/wp-json\/wp\/v2\/tags?post=5027"}],"curies":[{"name":"wp","href":"https:\/\/api.w.org\/{rel}","templated":true}]}}