{"id":5029,"date":"2017-07-12T17:09:28","date_gmt":"2017-07-12T22:09:28","guid":{"rendered":"http:\/\/derechosinfronteras.pe\/?p=2738"},"modified":"2017-07-12T17:09:28","modified_gmt":"2017-07-12T22:09:28","slug":"caso-espinar-proximo-lunes-se-dictara-sentencia-contra-ex-alcalde-y-ex-dirigentes","status":"publish","type":"post","link":"https:\/\/derechosinfronteras.pe\/ingles\/caso-espinar-proximo-lunes-se-dictara-sentencia-contra-ex-alcalde-y-ex-dirigentes\/","title":{"rendered":"Caso Espinar: Pr\u00f3ximo lunes se dictar\u00e1 sentencia contra ex alcalde y ex dirigentes"},"content":{"rendered":"<p style=\"text-align: justify;\"><strong>El pasado 11 de julio del presente a\u00f1o, <\/strong>se realiz\u00f3 la audiencia de alegatos finales del<strong> #CasoEspinar, <\/strong>donde est\u00e1n procesados<strong> Oscar Mollohuanca, Ex alcalde de la provincia cusque\u00f1a, Herbert Huam\u00e1n y Sergio Huaman\u00ed, ex dirigentes del Frente \u00danico de Defensa de los Intereses de Espinar (FUDIE)<\/strong>, Para quienes L<strong>a Fiscal\u00eda solicita 7 a\u00f1os de c\u00e1rcel por los delitos <\/strong>de entorpecimiento de los servicios p\u00fablicos, disturbios <strong>\u00a0y 8 a\u00f1os por atentado contra la seguridad com\u00fan, adem\u00e1s del pago de una reparaci\u00f3n civil de 100 mil nuevos soles<\/strong>. Mientras que el procurador pide una suma de alrededor 5 millones de soles.\u00a0El Juzgado Unipersonal de Ica, ciudad donde se ha realizado el proceso durante estos cinco a\u00f1os, decidi\u00f3 que la fecha de la sentencia sea el<strong> pr\u00f3ximo 17 de julio a las 3:30 p.m.<\/strong><\/p>\n<p style=\"text-align: justify;\">Es necesario que, frente a este contexto de criminalizaci\u00f3n de la protesta, las instituciones, organizaciones y sociedad civil en general puedan pronunciarse\u00a0<strong>frente a la posibilidad de una sentencia condenatoria<\/strong>\u00a0contra los procesados, pues significar\u00eda una grave vulneraci\u00f3n al\u00a0<strong>derecho a la protesta y a la libertad de opini\u00f3n y expresi\u00f3n<\/strong>. En ese sentido, desde Derechos Humanos sin Fronteras, compartimos una entrevista que realizamos a los procesados, como instrumento de informaci\u00f3n que ayude a mantener la memoria de lo que realmente ocurri\u00f3 en mayo del 2012, y entender las exigencias del pueblo espinarense, las cuales no han perdido vigencia contin\u00faan sin atenderse adecuadamente.<\/p>\n<div class=\"fb-video\" data-allowfullscreen=\"true\" data-href=\"https:\/\/www.facebook.com\/derechossinfronteras.pe\/videos\/1328673573917834\/\" style=\"background-color: #fff; display: inline-block;\"><\/div>\n<p style=\"text-align: justify;\">","protected":false},"excerpt":{"rendered":"<p>El pasado 11 de julio del presente a\u00f1o, se realiz\u00f3 la audiencia de alegatos finales del #CasoEspinar, donde est\u00e1n procesados Oscar Mollohuanca, Ex alcalde de la provincia cusque\u00f1a, Herbert Huam\u00e1n y Sergio Huaman\u00ed, ex dirigentes del Frente \u00danico de Defensa de los Intereses de Espinar (FUDIE), Para quienes La Fiscal\u00eda solicita 7 a\u00f1os de c\u00e1rcel [&hellip;]<\/p>\n","protected":false},"author":1,"featured_media":5030,"comment_status":"closed","ping_status":"open","sticky":false,"template":"","format":"standard","meta":{"_monsterinsights_skip_tracking":false,"_monsterinsights_sitenote_active":false,"_monsterinsights_sitenote_note":"","_monsterinsights_sitenote_category":0,"_jetpack_memberships_contains_paid_content":false,"footnotes":"","jetpack_publicize_message":"","jetpack_publicize_feature_enabled":true,"jetpack_social_post_already_shared":false,"jetpack_social_options":{"image_generator_settings":{"template":"highway","default_image_id":0,"font":"","enabled":false},"version":2}},"categories":[1],"tags":[],"class_list":["post-5029","post","type-post","status-publish","format-standard","has-post-thumbnail","hentry","category-sin-categoria"],"blocksy_meta":[],"jetpack_publicize_connections":[],"jetpack_featured_media_url":"https:\/\/derechosinfronteras.pe\/wp-content\/uploads\/2017\/07\/WhatsApp-Image-2017-07-13-at-5.05.31-PM-e1499984163230.jpeg","jetpack_sharing_enabled":true,"jetpack_likes_enabled":true,"_links":{"self":[{"href":"https:\/\/derechosinfronteras.pe\/ingles\/wp-json\/wp\/v2\/posts\/5029","targetHints":{"allow":["GET"]}}],"collection":[{"href":"https:\/\/derechosinfronteras.pe\/ingles\/wp-json\/wp\/v2\/posts"}],"about":[{"href":"https:\/\/derechosinfronteras.pe\/ingles\/wp-json\/wp\/v2\/types\/post"}],"author":[{"embeddable":true,"href":"https:\/\/derechosinfronteras.pe\/ingles\/wp-json\/wp\/v2\/users\/1"}],"replies":[{"embeddable":true,"href":"https:\/\/derechosinfronteras.pe\/ingles\/wp-json\/wp\/v2\/comments?post=5029"}],"version-history":[{"count":0,"href":"https:\/\/derechosinfronteras.pe\/ingles\/wp-json\/wp\/v2\/posts\/5029\/revisions"}],"wp:featuredmedia":[{"embeddable":true,"href":"https:\/\/derechosinfronteras.pe\/ingles\/wp-json\/wp\/v2\/media\/5030"}],"wp:attachment":[{"href":"https:\/\/derechosinfronteras.pe\/ingles\/wp-json\/wp\/v2\/media?parent=5029"}],"wp:term":[{"taxonomy":"category","embeddable":true,"href":"https:\/\/derechosinfronteras.pe\/ingles\/wp-json\/wp\/v2\/categories?post=5029"},{"taxonomy":"post_tag","embeddable":true,"href":"https:\/\/derechosinfronteras.pe\/ingles\/wp-json\/wp\/v2\/tags?post=5029"}],"curies":[{"name":"wp","href":"https:\/\/api.w.org\/{rel}","templated":true}]}}