{"id":5031,"date":"2017-07-11T13:26:59","date_gmt":"2017-07-11T18:26:59","guid":{"rendered":"http:\/\/derechosinfronteras.pe\/?p=2730"},"modified":"2017-07-11T13:26:59","modified_gmt":"2017-07-11T18:26:59","slug":"criminalizacion-de-la-protesta-walter-aduviri-es-sentenciado-a-siete-anos-de-prision-efectiva-y-el-pago-de-2-millones-de-soles-de-reparacion-civil","status":"publish","type":"post","link":"https:\/\/derechosinfronteras.pe\/ingles\/criminalizacion-de-la-protesta-walter-aduviri-es-sentenciado-a-siete-anos-de-prision-efectiva-y-el-pago-de-2-millones-de-soles-de-reparacion-civil\/","title":{"rendered":"Criminalizaci\u00f3n de la protesta: Walter Aduviri es sentenciado a siete a\u00f1os de prisi\u00f3n efectiva y el pago de 2 millones de soles de reparaci\u00f3n civil"},"content":{"rendered":"<p><strong>(11\/07\/2017)<\/strong> El \u00faltimo jueves, el Juzgado Colegiado de Puno emiti\u00f3 el adelanto de sentencia para Walter Aduviri Calisaya y otras nueve personas juzgadas por los hechos ocurridos durante el \u201caymarazo\u201d en el a\u00f1o 2011. La lectura de la sentencia completa se realizar\u00e1 el pr\u00f3ximo martes 18.<\/p>\n<p>Mediante el adelanto de sentencia se conoci\u00f3 que \u2013respecto a Walter Aduviri- los jueces dictaron siete a\u00f1os de prisi\u00f3n efectiva y el pago de 2 millones de soles de reparaci\u00f3n civil; y los otros nueve implicados, Patricio Illacutipa Illacutipa, Gilver Chura Yupanqui, Javier Pari Sarmiento, Rufino Machaca Quinto, Domingo Quispe Tancara, Edy Uriarte Chambilla, Gregorio Ururi Fern\u00e1ndez, Felix Illacutipa Mamani y Severo Efra\u00edn Iturri Gandarillas fueron absueltos de todo cargo.<\/p>\n<p>El juzgado declar\u00f3 un\u00e1nimemente a Aduviri responsable del delito de disturbios (ataques a la propiedad privada, saqueo y quema de instituciones p\u00fablicas) cometido el 26 de mayo del 2011. Sin embargo, el juzgado absolvi\u00f3 a los acusados del delito de extorsi\u00f3n, ya que no existen los requisitos m\u00ednimos para sentenciarlos por ese tipo penal.<\/p>\n<p>El juzgado reconoci\u00f3 que la protesta de los aymaras fue justa, porque ped\u00edan la derogatoria del D.S. 083-2007 que exceptuaba a la empresa minera Bear Creek de la prohibici\u00f3n (establecida en la Constituci\u00f3n) de realizar actividades cincuenta kil\u00f3metros a la redonda de la zona de frontera. Por eso, el Estado vulneraba el derecho a la consulta previa.<\/p>\n<p><strong>Apelar\u00e1 sentencia <\/strong><\/p>\n<p>Mientras se realizaba la audiencia de lectura de adelanto de sentencia, aproximadamente 1500 campesinos se reunieron en la Plaza de Armas con pancartas de respaldo a los acusados. Por ello, m\u00e1s de 300 polic\u00edas acordonaron el lugar para evitar que los manifestantes tomen el Palacio de Justicia.<\/p>\n<p>Esa noche, se realiz\u00f3 un mitin en el que Walter Aduviri asegur\u00f3 que apelar\u00e1 la sentencia hasta llegar a la Corte Interamericana de Derechos Humanos. Adem\u00e1s, en el mitin se anunci\u00f3 una paralizaci\u00f3n regional para el pr\u00f3ximo 18 de julio, con el fin de cambiar la sentencia.<\/p>\n<p><strong>Criminalizaci\u00f3n de la protesta social<\/strong><\/p>\n<p>El \u201caymarazo\u201d y el caso Espinar tienen algunos elementos en com\u00fan: primero, ambas protestas se realizaron en defensa y exigencia de los derechos de los pueblos que se ve\u00edan afectados por la actividad minera; y segundo, los l\u00edderes sociales que encabezaron las protestas enfrentan procesos judiciales que se prologan hasta hoy.<\/p>\n<p>El 18 de julio se realizar\u00e1 la lectura completa de sentencia por el \u201caymarazo\u201d. En el caso de Espinar, hoy, 11 de julio, se realizar\u00e1 la audiencia de alegatos finales en el juicio que enfrentan el ex alcalde de la provincia, Oscar Mollohuanca y los ex dirigentes del Frente \u00danico de Defensa de los Intereses de Espinar (FUDIE), Herberth Huam\u00e1n y Sergio Huaman\u00ed. En este juicio, la Fiscal\u00eda pide para los acusados de 7 a 8 a\u00f1os de prisi\u00f3n efectiva y una reparaci\u00f3n de casi 5 millones de soles.<\/p>","protected":false},"excerpt":{"rendered":"<p>(11\/07\/2017) El \u00faltimo jueves, el Juzgado Colegiado de Puno emiti\u00f3 el adelanto de sentencia para Walter Aduviri Calisaya y otras nueve personas juzgadas por los hechos ocurridos durante el \u201caymarazo\u201d en el a\u00f1o 2011. La lectura de la sentencia completa se realizar\u00e1 el pr\u00f3ximo martes 18. Mediante el adelanto de sentencia se conoci\u00f3 que \u2013respecto [&hellip;]<\/p>\n","protected":false},"author":1,"featured_media":5032,"comment_status":"closed","ping_status":"open","sticky":false,"template":"","format":"standard","meta":{"_monsterinsights_skip_tracking":false,"_monsterinsights_sitenote_active":false,"_monsterinsights_sitenote_note":"","_monsterinsights_sitenote_category":0,"_jetpack_memberships_contains_paid_content":false,"footnotes":"","jetpack_publicize_message":"","jetpack_publicize_feature_enabled":true,"jetpack_social_post_already_shared":false,"jetpack_social_options":{"image_generator_settings":{"template":"highway","default_image_id":0,"font":"","enabled":false},"version":2}},"categories":[1],"tags":[],"class_list":["post-5031","post","type-post","status-publish","format-standard","has-post-thumbnail","hentry","category-sin-categoria"],"blocksy_meta":[],"jetpack_publicize_connections":[],"jetpack_featured_media_url":"https:\/\/derechosinfronteras.pe\/wp-content\/uploads\/2017\/07\/walter-aduviri.jpg","jetpack_sharing_enabled":true,"jetpack_likes_enabled":true,"_links":{"self":[{"href":"https:\/\/derechosinfronteras.pe\/ingles\/wp-json\/wp\/v2\/posts\/5031","targetHints":{"allow":["GET"]}}],"collection":[{"href":"https:\/\/derechosinfronteras.pe\/ingles\/wp-json\/wp\/v2\/posts"}],"about":[{"href":"https:\/\/derechosinfronteras.pe\/ingles\/wp-json\/wp\/v2\/types\/post"}],"author":[{"embeddable":true,"href":"https:\/\/derechosinfronteras.pe\/ingles\/wp-json\/wp\/v2\/users\/1"}],"replies":[{"embeddable":true,"href":"https:\/\/derechosinfronteras.pe\/ingles\/wp-json\/wp\/v2\/comments?post=5031"}],"version-history":[{"count":0,"href":"https:\/\/derechosinfronteras.pe\/ingles\/wp-json\/wp\/v2\/posts\/5031\/revisions"}],"wp:featuredmedia":[{"embeddable":true,"href":"https:\/\/derechosinfronteras.pe\/ingles\/wp-json\/wp\/v2\/media\/5032"}],"wp:attachment":[{"href":"https:\/\/derechosinfronteras.pe\/ingles\/wp-json\/wp\/v2\/media?parent=5031"}],"wp:term":[{"taxonomy":"category","embeddable":true,"href":"https:\/\/derechosinfronteras.pe\/ingles\/wp-json\/wp\/v2\/categories?post=5031"},{"taxonomy":"post_tag","embeddable":true,"href":"https:\/\/derechosinfronteras.pe\/ingles\/wp-json\/wp\/v2\/tags?post=5031"}],"curies":[{"name":"wp","href":"https:\/\/api.w.org\/{rel}","templated":true}]}}