{"id":5033,"date":"2017-07-10T18:04:20","date_gmt":"2017-07-10T23:04:20","guid":{"rendered":"http:\/\/derechosinfronteras.pe\/?p=2723"},"modified":"2017-07-10T18:04:20","modified_gmt":"2017-07-10T23:04:20","slug":"organizacion-internacional-se-pronuncia-a-favor-de-procesados-por-el-caso-espinar","status":"publish","type":"post","link":"https:\/\/derechosinfronteras.pe\/ingles\/organizacion-internacional-se-pronuncia-a-favor-de-procesados-por-el-caso-espinar\/","title":{"rendered":"\u2018Front Line Defenders\u2019 se pronuncia a favor de procesados por el caso Espinar"},"content":{"rendered":"<p style=\"text-align: justify;\">Como se recuerda, ma\u00f1ana a las 3:30 p.m. se llevar\u00e1 a cabo la audiencia de alegatos finales del caso Espinar, donde est\u00e1n procesados <strong>Oscar Mollohuanca<\/strong>, ex alcalde de la provincia cusque\u00f1a; <strong>Sergio Huaman\u00ed y Herbert Huam\u00e1n<\/strong>, principales dirigentes del Frente de Defensa en el a\u00f1o 2012.<\/p>\n<p style=\"text-align: justify;\">Durante el proceso, que viene durando m\u00e1s de cinco a\u00f1os, diferentes organizaciones de base e instituciones se han pronunciado en contra de este proceso judicial, advirtiendo que se tratar\u00eda de un caso m\u00e1s de criminalizaci\u00f3n de la protesta social. A puertas de terminar el proceso, Front Line Defenders, una importante organizaci\u00f3n defensora de Derechos Humanos a nivel internacional y con mucha incidencia en Latinoam\u00e9rica, se ha pronunciado recientemente sobre este caso. En las siguientes l\u00edneas replicamos el contenido de su pronunciamiento:<\/p>\n<p style=\"text-align: justify;\"><strong>&lt;&lt;Per\u00fa: juicio penal contra los defensores de derechos humanos Oscar Mollohuanca, Sergio Huamani y Herbert Huam\u00e1n&gt;&gt;<\/strong><\/p>\n<p style=\"text-align: justify;\">El 11 de julio de 2017 se celebrar\u00e1 la audiencia final en el juicio en curso contra los defensores de derechos humanos\u00a0<strong>Oscar Mollohuanca<\/strong>,\u00a0<strong>Sergio Huamani<\/strong>\u00a0y\u00a0<strong>Herbert Huam\u00e1n<\/strong>. Los defensores se enfrentan a hasta ocho a\u00f1os de c\u00e1rcel, adem\u00e1s de multas de 27.000 euros (100.000 soles).<\/p>\n<p><strong>Oscar Mollohuanca<\/strong>\u00a0es un defensor de derechos humanos de la provincia de Espinar, en el sur del Per\u00fa.\u00a0Sergio Huamani y Herbert Huam\u00e1n\u00a0son ex dirigentes del\u00a0<strong>Frente \u00danico de Defensa de los Intereses de Espinar &#8211; FUDIE<\/strong>. Los defensores de derechos humanos y varias comunidades ind\u00edgenas y campesinas de Espinar se han organizado y movilizado para denunciar los da\u00f1os al medio ambiente y la salud humana causados por las actividades mineras en Espinar y exigir un nuevo acuerdo con la empresa minera \u00abXtrata Tintaya\u00bb (ahora \u00abGlencore\u00bb), una mina de cobre que opera en las afueras de la ciudad de Espinar. Las demandas de las comunidades inclu\u00edan normas ambientales m\u00e1s estrictas frente a los niveles alarmantes de contaminaci\u00f3n ambiental, que las actividades mineras permitieran un desarrollo efectivo y sostenible de la regi\u00f3n, que se realizara un monitoreo independiente de la mina y que se mantuvieran los derechos de las comunidades.<\/p>\n<p>El 11 de julio de 2017, en el <strong>Primer Juzgado Unipersonal de Ica<\/strong>, se celebrar\u00e1 la audiencia final en el juicio en curso contra los defensores de derechos humanos <strong>Oscar Mollohuanca, Sergio Huaman\u00ed y Herbert Huam\u00e1n<\/strong>. Son acusados penalmente por delitos de atentado contra la seguridad com\u00fan, entorpecimiento de los servicios p\u00fablicos y disturbios. Los cargos se refieren a actividades de defensa de derechos humanos, y se relacionan con siete d\u00edas de protestas p\u00fablicas en Espinar en mayo de 2012, en las que se denunciaron los da\u00f1os a la salud y al medio ambiente causados por las actividades mineras en la regi\u00f3n. Se espera conocer la sentencia pronto despu\u00e9s de la audiencia.<\/p>\n<p>El juicio en curso est\u00e1 relacionado con la movilizaci\u00f3n y paro general organizados por las comunidades de Espinar y FUDIE en mayo de 2012. El 21 de mayo de 2012, las comunidades de <strong>Espinar <\/strong>iniciaron un paro general para presionar a la mina de cobre <strong>Xtrata Tintaya<\/strong> a negociar un nuevo acuerdo y relaci\u00f3n con comunidades locales. Durante los siete d\u00edas de la huelga, civiles desarmados ocuparon y bloquearon las v\u00edas de acceso a la mina. En respuesta, el presidente <strong>Ollanta Humala<\/strong> declar\u00f3 <strong>estado de emergencia<\/strong> en la provincia, suspendiendo los derechos constitucionales y desplegando unidades especiales de polic\u00eda contra los huelguistas. Como consecuencia, tres civiles murieron en los enfrentamientos, m\u00e1s de 100 personas resultaron heridas (civiles y polic\u00edas) y varias personas fueron detenidas arbitrariamente y sujetas a malos tratos bajo custodia policial, entre ellas los defensores de derechos humanos <strong>Herbert Huam\u00e1n y Sergio Huaman\u00ed<\/strong>.<\/p>\n<p><strong>La Comisi\u00f3n Interamericana de Derechos Humanos<\/strong> ha destacado que la protesta social es importante para la consolidaci\u00f3n de la vida democr\u00e1tica y que, en general, esta forma de participaci\u00f3n en la vida p\u00fablica, como ejercicio de libertad de expresi\u00f3n, juega un rol social crucial. Asimismo, ha destacado que en muchos de los pa\u00edses del hemisferio, la protesta social y la movilizaci\u00f3n se han convertido en herramientas para hacer demandas a las autoridades p\u00fablicas, as\u00ed como canales para denuncias p\u00fablicas de abusos o violaciones de derechos humanos.<\/p>\n<p><strong>Front Line Defenders<\/strong> ha viajado extensamente por la regi\u00f3n de Espinar para investigar los conflictos mineros en curso y ha\u00a0informado previamente sobre la dif\u00edcil situaci\u00f3n que enfrentan quienes defienden los derechos humanos en <strong>Per\u00fa<\/strong>. Front Line Defenders tambi\u00e9n ha planteado preocupaci\u00f3n <strong>por el uso de la violencia y la criminalizaci\u00f3n contra l\u00edderes sociales<\/strong> en conflictos socioambientales relacionados con <strong>proyectos extractivos<\/strong>, como en el caso reciente de las\u00a0comunidades Aymaras de <strong>Puno, Per\u00fa<\/strong>. En marzo de 2017, Front Line Defenders\u00a0concluy\u00f3\u00a0que Per\u00fa ha fallado reiteradamente en brindar protecci\u00f3n a defensores y defensoras de derechos humanos.<\/p>\n<p>Front Line Defenders expresa su preocupaci\u00f3n por el proceso de criminalizaci\u00f3n que enfrentan los defensores de derechos humanos Oscar Mollohuanca, Sergio Huamani y Herbert Huam\u00e1n y solicita a las autoridades de Per\u00fa que retiren inmediatamente todos los cargos contra ellos, ya que Front Line Defenders cree que estos cargos est\u00e1n directamente vinculados a su trabajo pac\u00edfico y leg\u00edtimo en defensa de los derechos humanos.<\/p>\n<p><strong>Front Line Defenders insta a las autoridades del Per\u00fa a:<\/strong><\/p>\n<ol>\n<li style=\"text-align: justify;\">Retirar de inmediato todos los cargos en contra de <strong>Oscar Mollohuanca, Sergio Huaman\u00ed y Herbert Huam\u00e1n<\/strong>, ya que <strong>Front Line Defenders<\/strong> cree que est\u00e1n siendo criminalizados \u00fanicamente como resultado de su trabajo leg\u00edtimo y pac\u00edfico en la defensa de los derechos humanos;2. Tomar todas las medidas necesarias, en consulta con los defensores de derechos humanos, para garantizar su integridad f\u00edsica y psicol\u00f3gica y su seguridad, as\u00ed como de sus familias y representantes legales;3. Abstenerse de utilizar el sistema de justicia para intimidar, hostigar y desacreditar a los defensores y defensoras de derechos humanos;4. Garantizar en todas las circunstancias que todos los defensores y defensoras de derechos humanos en el Per\u00fa puedan llevar a cabo sus actividades leg\u00edtimas de derechos humanos sin temor a represalias y sin restricciones, incluido el acoso judicial.<\/li>\n<\/ol>\n<p>&nbsp;<\/p>\n<p>Puedes ver el pronunciamiento aqu\u00ed:\u00a0goo.gl\/HbgLiu<\/p>\n<p>&nbsp;<\/p>","protected":false},"excerpt":{"rendered":"<p>Como se recuerda, ma\u00f1ana a las 3:30 p.m. se llevar\u00e1 a cabo la audiencia de alegatos finales del caso Espinar, donde est\u00e1n procesados Oscar Mollohuanca, ex alcalde de la provincia cusque\u00f1a; Sergio Huaman\u00ed y Herbert Huam\u00e1n, principales dirigentes del Frente de Defensa en el a\u00f1o 2012. Durante el proceso, que viene durando m\u00e1s de cinco [&hellip;]<\/p>\n","protected":false},"author":1,"featured_media":5034,"comment_status":"closed","ping_status":"open","sticky":false,"template":"","format":"standard","meta":{"_monsterinsights_skip_tracking":false,"_monsterinsights_sitenote_active":false,"_monsterinsights_sitenote_note":"","_monsterinsights_sitenote_category":0,"_jetpack_memberships_contains_paid_content":false,"footnotes":"","jetpack_publicize_message":"","jetpack_publicize_feature_enabled":true,"jetpack_social_post_already_shared":false,"jetpack_social_options":{"image_generator_settings":{"template":"highway","default_image_id":0,"font":"","enabled":false},"version":2}},"categories":[1],"tags":[],"class_list":["post-5033","post","type-post","status-publish","format-standard","has-post-thumbnail","hentry","category-sin-categoria"],"blocksy_meta":[],"jetpack_publicize_connections":[],"jetpack_featured_media_url":"https:\/\/derechosinfronteras.pe\/wp-content\/uploads\/2017\/07\/Pron.-Espinar.jpg","jetpack_sharing_enabled":true,"jetpack_likes_enabled":true,"_links":{"self":[{"href":"https:\/\/derechosinfronteras.pe\/ingles\/wp-json\/wp\/v2\/posts\/5033","targetHints":{"allow":["GET"]}}],"collection":[{"href":"https:\/\/derechosinfronteras.pe\/ingles\/wp-json\/wp\/v2\/posts"}],"about":[{"href":"https:\/\/derechosinfronteras.pe\/ingles\/wp-json\/wp\/v2\/types\/post"}],"author":[{"embeddable":true,"href":"https:\/\/derechosinfronteras.pe\/ingles\/wp-json\/wp\/v2\/users\/1"}],"replies":[{"embeddable":true,"href":"https:\/\/derechosinfronteras.pe\/ingles\/wp-json\/wp\/v2\/comments?post=5033"}],"version-history":[{"count":0,"href":"https:\/\/derechosinfronteras.pe\/ingles\/wp-json\/wp\/v2\/posts\/5033\/revisions"}],"wp:featuredmedia":[{"embeddable":true,"href":"https:\/\/derechosinfronteras.pe\/ingles\/wp-json\/wp\/v2\/media\/5034"}],"wp:attachment":[{"href":"https:\/\/derechosinfronteras.pe\/ingles\/wp-json\/wp\/v2\/media?parent=5033"}],"wp:term":[{"taxonomy":"category","embeddable":true,"href":"https:\/\/derechosinfronteras.pe\/ingles\/wp-json\/wp\/v2\/categories?post=5033"},{"taxonomy":"post_tag","embeddable":true,"href":"https:\/\/derechosinfronteras.pe\/ingles\/wp-json\/wp\/v2\/tags?post=5033"}],"curies":[{"name":"wp","href":"https:\/\/api.w.org\/{rel}","templated":true}]}}