{"id":5035,"date":"2017-07-10T17:02:25","date_gmt":"2017-07-10T22:02:25","guid":{"rendered":"http:\/\/derechosinfronteras.pe\/?p=2719"},"modified":"2017-07-10T17:02:25","modified_gmt":"2017-07-10T22:02:25","slug":"el-peru-grito-no-al-indulto","status":"publish","type":"post","link":"https:\/\/derechosinfronteras.pe\/ingles\/el-peru-grito-no-al-indulto\/","title":{"rendered":"El Per\u00fa grit\u00f3: \u00a1NO AL INDULTO!"},"content":{"rendered":"<p style=\"text-align: justify;\">La marcha en contra el posible indulto al ex presidente <strong>Alberto Fujimori<\/strong> fue todo un \u00e9xito. Varias regiones del pa\u00eds se pronunciaron con marchas y actos simb\u00f3licos en contra de los ambiguos discursos que viene teniendo <strong>PPK<\/strong> sobre el tema.<\/p>\n<p style=\"text-align: justify;\">La marcha m\u00e1s medi\u00e1tica fue la que se desarroll\u00f3 por las principales calles de Lima, participando diferentes organizaciones sociales de base, instituciones, organizaciones y partidos pol\u00edticos. Una de las principales instituciones presentes, y quiz\u00e1 la principal, fue la <strong>Coordinadora Nacional de Derechos Humanos (CCDDHH)<\/strong>, quien viene acompa\u00f1ando varios procesos de las v\u00edctimas del gobierno fujimorista.<\/p>\n<p style=\"text-align: justify;\">Tambi\u00e9n participaron los familiares de las v\u00edctimas de la <strong>Cantuta y Barrios Altos<\/strong>, el conocido colectivo <strong>\u2018No a Keiko\u2019<\/strong> y una masiva delegaci\u00f3n de las universidades m\u00e1s reconocidas de la capital.<\/p>\n<p>La actividad fue multitudinaria, y tenemos un video con los mejores momentos:<\/p>\n<div class=\"fb-video\" data-allowfullscreen=\"true\" data-href=\"https:\/\/www.facebook.com\/derechossinfronteras.pe\/videos\/1326565894128602\/\" style=\"background-color: #fff; display: inline-block;\"><\/div>","protected":false},"excerpt":{"rendered":"<p>La marcha en contra el posible indulto al ex presidente Alberto Fujimori fue todo un \u00e9xito. Varias regiones del pa\u00eds se pronunciaron con marchas y actos simb\u00f3licos en contra de los ambiguos discursos que viene teniendo PPK sobre el tema. La marcha m\u00e1s medi\u00e1tica fue la que se desarroll\u00f3 por las principales calles de Lima, [&hellip;]<\/p>\n","protected":false},"author":1,"featured_media":5036,"comment_status":"closed","ping_status":"open","sticky":false,"template":"","format":"standard","meta":{"_monsterinsights_skip_tracking":false,"_monsterinsights_sitenote_active":false,"_monsterinsights_sitenote_note":"","_monsterinsights_sitenote_category":0,"_jetpack_memberships_contains_paid_content":false,"footnotes":"","jetpack_publicize_message":"","jetpack_publicize_feature_enabled":true,"jetpack_social_post_already_shared":false,"jetpack_social_options":{"image_generator_settings":{"template":"highway","default_image_id":0,"font":"","enabled":false},"version":2}},"categories":[1],"tags":[],"class_list":["post-5035","post","type-post","status-publish","format-standard","has-post-thumbnail","hentry","category-sin-categoria"],"blocksy_meta":[],"jetpack_publicize_connections":[],"jetpack_featured_media_url":"https:\/\/derechosinfronteras.pe\/wp-content\/uploads\/2017\/07\/DSC_0986.jpg","jetpack_sharing_enabled":true,"jetpack_likes_enabled":true,"_links":{"self":[{"href":"https:\/\/derechosinfronteras.pe\/ingles\/wp-json\/wp\/v2\/posts\/5035","targetHints":{"allow":["GET"]}}],"collection":[{"href":"https:\/\/derechosinfronteras.pe\/ingles\/wp-json\/wp\/v2\/posts"}],"about":[{"href":"https:\/\/derechosinfronteras.pe\/ingles\/wp-json\/wp\/v2\/types\/post"}],"author":[{"embeddable":true,"href":"https:\/\/derechosinfronteras.pe\/ingles\/wp-json\/wp\/v2\/users\/1"}],"replies":[{"embeddable":true,"href":"https:\/\/derechosinfronteras.pe\/ingles\/wp-json\/wp\/v2\/comments?post=5035"}],"version-history":[{"count":0,"href":"https:\/\/derechosinfronteras.pe\/ingles\/wp-json\/wp\/v2\/posts\/5035\/revisions"}],"wp:featuredmedia":[{"embeddable":true,"href":"https:\/\/derechosinfronteras.pe\/ingles\/wp-json\/wp\/v2\/media\/5036"}],"wp:attachment":[{"href":"https:\/\/derechosinfronteras.pe\/ingles\/wp-json\/wp\/v2\/media?parent=5035"}],"wp:term":[{"taxonomy":"category","embeddable":true,"href":"https:\/\/derechosinfronteras.pe\/ingles\/wp-json\/wp\/v2\/categories?post=5035"},{"taxonomy":"post_tag","embeddable":true,"href":"https:\/\/derechosinfronteras.pe\/ingles\/wp-json\/wp\/v2\/tags?post=5035"}],"curies":[{"name":"wp","href":"https:\/\/api.w.org\/{rel}","templated":true}]}}