{"id":5037,"date":"2017-07-06T17:02:43","date_gmt":"2017-07-06T22:02:43","guid":{"rendered":"http:\/\/derechosinfronteras.pe\/?p=2710"},"modified":"2017-07-06T17:02:43","modified_gmt":"2017-07-06T22:02:43","slug":"ministra-de-la-mujer-en-cusco-inagura-centro-de-emergencia-mujer-y-dialoga-con-mas-de-300-mujeres","status":"publish","type":"post","link":"https:\/\/derechosinfronteras.pe\/ingles\/ministra-de-la-mujer-en-cusco-inagura-centro-de-emergencia-mujer-y-dialoga-con-mas-de-300-mujeres\/","title":{"rendered":"Ministra de la mujer en Cusco: Inaugura Centro de Emergencia Mujer y dialoga con m\u00e1s de 300 mujeres"},"content":{"rendered":"<p><strong>(06\/07\/2017)<\/strong> \u00a0Hoy, la ministra de la mujer y poblaciones vulnerables, Ana Mar\u00eda Romero, estuvo en Cusco cumpliendo algunas actividades programadas. A su llegada, <strong>inaugur\u00f3 en el distrito de Wanchaq, el primer Centro de Emergencia Mujer (CEM)<\/strong> en una comisar\u00eda cusque\u00f1a, la \u00fanica a nivel de la regi\u00f3n. Aunque en el pa\u00eds, ya existen 20 CEM funcionando en comisar\u00edas como parte de la nueva estrategia de atenci\u00f3n a casos de violencia familiar.<\/p>\n<p>Luego de realizar dicha actividad, la ministra viaj\u00f3 al Valle Sagrado, al distrito de Pisac, donde <strong>sostuvo una reuni\u00f3n con m\u00e1s de 300 mujeres de diversas organizaciones de las 13 provincias<\/strong> de la regi\u00f3n en el marco del XI Di\u00e1logo \u201cMujeres ind\u00edgenas y campesinas: su aporte a la seguridad alimentaria y la econom\u00eda\u201d.<\/p>\n<p>Los temas que se desarrollaron en el di\u00e1logo giraron en torno a la problem\u00e1tica y oportunidades de desarrollo que tienen las mujeres en sus respectivas regiones. As\u00ed mismo, como parte de la actividad programada, se realiz\u00f3 una exhibici\u00f3n de los productos que trajeron las organizaciones participantes.<\/p>\n<p>Sin embargo, <strong>el di\u00e1logo termin\u00f3 sin conclusiones, acuerdos ni compromisos<\/strong> despu\u00e9s que la ministra se retirara, lo que incomod\u00f3 a algunas participantes. \u201cNosotras tambi\u00e9n quer\u00edamos hablar de otros problemas aparte del tema que est\u00e1bamos conversando, porque tambi\u00e9n tenemos otros problemas\u2026 pero todo fue muy cerrado\u201d, manifest\u00f3 In\u00e9s Condori, representante de la provincia de Chumbivilcas.<\/p>","protected":false},"excerpt":{"rendered":"<p>(06\/07\/2017) \u00a0Hoy, la ministra de la mujer y poblaciones vulnerables, Ana Mar\u00eda Romero, estuvo en Cusco cumpliendo algunas actividades programadas. A su llegada, inaugur\u00f3 en el distrito de Wanchaq, el primer Centro de Emergencia Mujer (CEM) en una comisar\u00eda cusque\u00f1a, la \u00fanica a nivel de la regi\u00f3n. Aunque en el pa\u00eds, ya existen 20 CEM [&hellip;]<\/p>\n","protected":false},"author":1,"featured_media":5038,"comment_status":"closed","ping_status":"open","sticky":false,"template":"","format":"standard","meta":{"_monsterinsights_skip_tracking":false,"_monsterinsights_sitenote_active":false,"_monsterinsights_sitenote_note":"","_monsterinsights_sitenote_category":0,"_jetpack_memberships_contains_paid_content":false,"footnotes":"","jetpack_publicize_message":"","jetpack_publicize_feature_enabled":true,"jetpack_social_post_already_shared":false,"jetpack_social_options":{"image_generator_settings":{"template":"highway","default_image_id":0,"font":"","enabled":false},"version":2}},"categories":[1],"tags":[],"class_list":["post-5037","post","type-post","status-publish","format-standard","has-post-thumbnail","hentry","category-sin-categoria"],"blocksy_meta":[],"jetpack_publicize_connections":[],"jetpack_featured_media_url":"https:\/\/derechosinfronteras.pe\/wp-content\/uploads\/2017\/07\/85EB5840-D149-4F9E-A47A-A7DC7D1FF80F.jpg","jetpack_sharing_enabled":true,"jetpack_likes_enabled":true,"_links":{"self":[{"href":"https:\/\/derechosinfronteras.pe\/ingles\/wp-json\/wp\/v2\/posts\/5037","targetHints":{"allow":["GET"]}}],"collection":[{"href":"https:\/\/derechosinfronteras.pe\/ingles\/wp-json\/wp\/v2\/posts"}],"about":[{"href":"https:\/\/derechosinfronteras.pe\/ingles\/wp-json\/wp\/v2\/types\/post"}],"author":[{"embeddable":true,"href":"https:\/\/derechosinfronteras.pe\/ingles\/wp-json\/wp\/v2\/users\/1"}],"replies":[{"embeddable":true,"href":"https:\/\/derechosinfronteras.pe\/ingles\/wp-json\/wp\/v2\/comments?post=5037"}],"version-history":[{"count":0,"href":"https:\/\/derechosinfronteras.pe\/ingles\/wp-json\/wp\/v2\/posts\/5037\/revisions"}],"wp:featuredmedia":[{"embeddable":true,"href":"https:\/\/derechosinfronteras.pe\/ingles\/wp-json\/wp\/v2\/media\/5038"}],"wp:attachment":[{"href":"https:\/\/derechosinfronteras.pe\/ingles\/wp-json\/wp\/v2\/media?parent=5037"}],"wp:term":[{"taxonomy":"category","embeddable":true,"href":"https:\/\/derechosinfronteras.pe\/ingles\/wp-json\/wp\/v2\/categories?post=5037"},{"taxonomy":"post_tag","embeddable":true,"href":"https:\/\/derechosinfronteras.pe\/ingles\/wp-json\/wp\/v2\/tags?post=5037"}],"curies":[{"name":"wp","href":"https:\/\/api.w.org\/{rel}","templated":true}]}}