{"id":5039,"date":"2017-07-06T11:18:24","date_gmt":"2017-07-06T16:18:24","guid":{"rendered":"http:\/\/derechosinfronteras.pe\/?p=2693"},"modified":"2017-07-06T11:18:24","modified_gmt":"2017-07-06T16:18:24","slug":"galeria-cusco-diversidad-asi-se-vivio-la-marcha-del-orgullo-lgtb","status":"publish","type":"post","link":"https:\/\/derechosinfronteras.pe\/ingles\/galeria-cusco-diversidad-asi-se-vivio-la-marcha-del-orgullo-lgtb\/","title":{"rendered":"[Galer\u00eda] Cusco diversidad: As\u00ed se vivi\u00f3 la marcha del Orgullo LGTB+"},"content":{"rendered":"<p style=\"text-align: justify;\">Junio es el mes del orgullo LGTB y en todo el mundo se realizan una serie de actividades para visibilizar la problem\u00e1tica de esta poblaci\u00f3n vulnerable. El 28 de junio es el d\u00eda m\u00e1s reivindicativo, pues se celebra el D\u00eda del Orgullo. Esta fecha hace referencia a una situaci\u00f3n que marc\u00f3 la historia para la lucha de la comunidad LGTB, pues el 28 de junio de 1969, un operativo policial intervino el club gay \u2018Stonewall Inn\u2019 en New York; estas intervenciones eran contin\u00faas, pero aquel d\u00eda se gener\u00f3 una serie de manifestaciones de quienes estaban en el club en contra de los polic\u00edas.<\/p>\n<p style=\"text-align: justify;\">Desde entonces, es la fecha en la que se denuncia la homofobia, la desigualdad y la discriminaci\u00f3n existente en todo el mundo. En nuestro pa\u00eds la violencia contra la comunidad LGTB no nos es ajena. En el \u00faltimo a\u00f1o, seg\u00fan PROMSEX, se han reportado:<\/p>\n<ul style=\"text-align: justify;\">\n<li>8 asesinatos<\/li>\n<li>43 casos de afectaci\u00f3n a la seguridad (agresiones f\u00edsicas)<\/li>\n<li>28 casos de discriminaci\u00f3n (en espacios p\u00fablicos y privados)<\/li>\n<li>8 casos de violencia familiar<\/li>\n<li>230 casos de violencia f\u00edsica entre el 2009 y el 2016<\/li>\n<li>m\u00e1s de la mitad de estudiantes LGTB sufri\u00f3 acoso sexual<\/li>\n<li>8 de cada 10 estudiantes LGTB\u00a0sufrieron acoso verbal debido a su orientaci\u00f3n sexual<\/li>\n<li>el 43% de estudiantes LGTB expres\u00f3 que los profesores nunca intervinieron cuando fueron testigos de comentarios homof\u00f3bicos<\/li>\n<\/ul>\n<p style=\"text-align: justify;\">Frente a esta situaci\u00f3n de permanente vulnerabilidad, exigen que el Estado las y los proteja, que se promuevan pol\u00edticas p\u00fablicas en base a la igualdad y que se eduque con respeto hacia nuestra diversidad. Frente a esta problem\u00e1tica tambi\u00e9n deciden marchar y la ciudad imperial no pod\u00eda ser la excepci\u00f3n, as\u00ed que el pasado 01 de julio, #Cusco se llen\u00f3 de colores con la III Marcha del Orgullo.<\/p>\n<p>Aqu\u00ed el video de los mejores momentos:<\/p>\n<div class=\"fb-video\" data-allowfullscreen=\"true\" data-href=\"https:\/\/www.facebook.com\/derechossinfronteras.pe\/videos\/1320765744708617\/\" style=\"background-color: #fff; display: inline-block;\"><\/div>\n<p>&nbsp;<\/p>","protected":false},"excerpt":{"rendered":"<p>Junio es el mes del orgullo LGTB y en todo el mundo se realizan una serie de actividades para visibilizar la problem\u00e1tica de esta poblaci\u00f3n vulnerable. El 28 de junio es el d\u00eda m\u00e1s reivindicativo, pues se celebra el D\u00eda del Orgullo. Esta fecha hace referencia a una situaci\u00f3n que marc\u00f3 la historia para la [&hellip;]<\/p>\n","protected":false},"author":1,"featured_media":5040,"comment_status":"closed","ping_status":"open","sticky":false,"template":"","format":"standard","meta":{"_monsterinsights_skip_tracking":false,"_monsterinsights_sitenote_active":false,"_monsterinsights_sitenote_note":"","_monsterinsights_sitenote_category":0,"_jetpack_memberships_contains_paid_content":false,"footnotes":"","jetpack_publicize_message":"","jetpack_publicize_feature_enabled":true,"jetpack_social_post_already_shared":false,"jetpack_social_options":{"image_generator_settings":{"template":"highway","default_image_id":0,"font":"","enabled":false},"version":2}},"categories":[1],"tags":[],"class_list":["post-5039","post","type-post","status-publish","format-standard","has-post-thumbnail","hentry","category-sin-categoria"],"blocksy_meta":[],"jetpack_publicize_connections":[],"jetpack_featured_media_url":"https:\/\/derechosinfronteras.pe\/wp-content\/uploads\/2017\/07\/DSC_0076.jpg","jetpack_sharing_enabled":true,"jetpack_likes_enabled":true,"_links":{"self":[{"href":"https:\/\/derechosinfronteras.pe\/ingles\/wp-json\/wp\/v2\/posts\/5039","targetHints":{"allow":["GET"]}}],"collection":[{"href":"https:\/\/derechosinfronteras.pe\/ingles\/wp-json\/wp\/v2\/posts"}],"about":[{"href":"https:\/\/derechosinfronteras.pe\/ingles\/wp-json\/wp\/v2\/types\/post"}],"author":[{"embeddable":true,"href":"https:\/\/derechosinfronteras.pe\/ingles\/wp-json\/wp\/v2\/users\/1"}],"replies":[{"embeddable":true,"href":"https:\/\/derechosinfronteras.pe\/ingles\/wp-json\/wp\/v2\/comments?post=5039"}],"version-history":[{"count":0,"href":"https:\/\/derechosinfronteras.pe\/ingles\/wp-json\/wp\/v2\/posts\/5039\/revisions"}],"wp:featuredmedia":[{"embeddable":true,"href":"https:\/\/derechosinfronteras.pe\/ingles\/wp-json\/wp\/v2\/media\/5040"}],"wp:attachment":[{"href":"https:\/\/derechosinfronteras.pe\/ingles\/wp-json\/wp\/v2\/media?parent=5039"}],"wp:term":[{"taxonomy":"category","embeddable":true,"href":"https:\/\/derechosinfronteras.pe\/ingles\/wp-json\/wp\/v2\/categories?post=5039"},{"taxonomy":"post_tag","embeddable":true,"href":"https:\/\/derechosinfronteras.pe\/ingles\/wp-json\/wp\/v2\/tags?post=5039"}],"curies":[{"name":"wp","href":"https:\/\/api.w.org\/{rel}","templated":true}]}}