{"id":5041,"date":"2017-07-04T14:53:43","date_gmt":"2017-07-04T19:53:43","guid":{"rendered":"http:\/\/derechosinfronteras.pe\/?p=2692"},"modified":"2017-07-04T14:53:43","modified_gmt":"2017-07-04T19:53:43","slug":"caso-conga-5-anos-de-impunidad","status":"publish","type":"post","link":"https:\/\/derechosinfronteras.pe\/ingles\/caso-conga-5-anos-de-impunidad\/","title":{"rendered":"Caso Conga: 5 a\u00f1os de impunidad"},"content":{"rendered":"<p style=\"text-align: justify;\">El 03 de julio del 2012, fue para Cajamarca un d\u00eda que siempre mantendr\u00e1n en su historia, pues fue el d\u00eda m\u00e1s cr\u00edtico del conflicto en contra del proyecto minero \u2018Conga\u2019.<\/p>\n<p style=\"text-align: justify;\">Aquel d\u00eda murieron tres personas en Celend\u00edn, Paulino Garc\u00eda Rojas, Faustino Silva S\u00e1nchez, y C\u00e9sar Medina Aguilar, este \u00faltimo, un estudiante de colegio de tan solo 16 a\u00f1os, que no participaba en las protestas.<\/p>\n<p style=\"text-align: justify;\">Durante todas las protestas, que duraron alrededor de un mes, hubo detenciones arbitrarias y violentas, que despu\u00e9s se convirtieron en procesos judiciales fuera de su jurisdicci\u00f3n (Chiclayo, a 6 horas en bus).<\/p>\n<p style=\"text-align: justify;\">Para el 04 de julio se report\u00f3 una quinta muerte en #Bambamarca, se trataba de Joselito V\u00e1squez Jambo, y en #Celed\u00edn se reportaba la cuarta v\u00edctima: Jos\u00e9 Antonio S\u00e1nchez Huam\u00e1n. Lo m\u00e1s indignante de esta situaci\u00f3n, fue que la PNP contin\u00fao con actitudes represivas a\u00fan durante el entierro de las v\u00edctimas.<\/p>\n<p style=\"text-align: justify;\">El 05 de julio trasladaron hasta el penal de #Picsi (Chiclayo), quienes estuvieron presos durante dos semanas. Todos los procesados en el Poder Judicial de Chiclayo ya fueron absueltos.<\/p>\n<p style=\"text-align: justify;\">Despu\u00e9s de la declaratoria de Emergencia en #Cajamarca, se reportaron m\u00e1s de 40 heridos por balas y perdigones, la mayor\u00eda, hasta la fecha, a\u00fan tiene secuelas de las heridas.<\/p>\n<p style=\"text-align: justify;\">Cinco a\u00f1os despu\u00e9s, las v\u00edctimas no han recibido ning\u00fan tipo de reparaci\u00f3n: \u00bfHasta cu\u00e1ndo vamos a permitir que pase esto en nuestro pa\u00eds?<\/p>\n<p style=\"text-align: justify;\">Compartimos un video que resume todo el conflicto:<\/p>\n<div class=\"fb-video\" data-allowfullscreen=\"true\" data-href=\"https:\/\/www.facebook.com\/derechossinfronteras.pe\/videos\/1319957038122821\/\" style=\"background-color: #fff; display: inline-block;\"><\/div>","protected":false},"excerpt":{"rendered":"<p>El 03 de julio del 2012, fue para Cajamarca un d\u00eda que siempre mantendr\u00e1n en su historia, pues fue el d\u00eda m\u00e1s cr\u00edtico del conflicto en contra del proyecto minero \u2018Conga\u2019. Aquel d\u00eda murieron tres personas en Celend\u00edn, Paulino Garc\u00eda Rojas, Faustino Silva S\u00e1nchez, y C\u00e9sar Medina Aguilar, este \u00faltimo, un estudiante de colegio de [&hellip;]<\/p>\n","protected":false},"author":1,"featured_media":5042,"comment_status":"closed","ping_status":"open","sticky":false,"template":"","format":"standard","meta":{"_monsterinsights_skip_tracking":false,"_monsterinsights_sitenote_active":false,"_monsterinsights_sitenote_note":"","_monsterinsights_sitenote_category":0,"_jetpack_memberships_contains_paid_content":false,"footnotes":"","jetpack_publicize_message":"","jetpack_publicize_feature_enabled":true,"jetpack_social_post_already_shared":false,"jetpack_social_options":{"image_generator_settings":{"template":"highway","default_image_id":0,"font":"","enabled":false},"version":2}},"categories":[1],"tags":[],"class_list":["post-5041","post","type-post","status-publish","format-standard","has-post-thumbnail","hentry","category-sin-categoria"],"blocksy_meta":[],"jetpack_publicize_connections":[],"jetpack_featured_media_url":"https:\/\/derechosinfronteras.pe\/wp-content\/uploads\/2017\/07\/Caso-Celendin.jpg","jetpack_sharing_enabled":true,"jetpack_likes_enabled":true,"_links":{"self":[{"href":"https:\/\/derechosinfronteras.pe\/ingles\/wp-json\/wp\/v2\/posts\/5041","targetHints":{"allow":["GET"]}}],"collection":[{"href":"https:\/\/derechosinfronteras.pe\/ingles\/wp-json\/wp\/v2\/posts"}],"about":[{"href":"https:\/\/derechosinfronteras.pe\/ingles\/wp-json\/wp\/v2\/types\/post"}],"author":[{"embeddable":true,"href":"https:\/\/derechosinfronteras.pe\/ingles\/wp-json\/wp\/v2\/users\/1"}],"replies":[{"embeddable":true,"href":"https:\/\/derechosinfronteras.pe\/ingles\/wp-json\/wp\/v2\/comments?post=5041"}],"version-history":[{"count":0,"href":"https:\/\/derechosinfronteras.pe\/ingles\/wp-json\/wp\/v2\/posts\/5041\/revisions"}],"wp:featuredmedia":[{"embeddable":true,"href":"https:\/\/derechosinfronteras.pe\/ingles\/wp-json\/wp\/v2\/media\/5042"}],"wp:attachment":[{"href":"https:\/\/derechosinfronteras.pe\/ingles\/wp-json\/wp\/v2\/media?parent=5041"}],"wp:term":[{"taxonomy":"category","embeddable":true,"href":"https:\/\/derechosinfronteras.pe\/ingles\/wp-json\/wp\/v2\/categories?post=5041"},{"taxonomy":"post_tag","embeddable":true,"href":"https:\/\/derechosinfronteras.pe\/ingles\/wp-json\/wp\/v2\/tags?post=5041"}],"curies":[{"name":"wp","href":"https:\/\/api.w.org\/{rel}","templated":true}]}}