{"id":5051,"date":"2017-06-27T17:37:31","date_gmt":"2017-06-27T22:37:31","guid":{"rendered":"http:\/\/derechosinfronteras.pe\/?p=2662"},"modified":"2017-06-27T17:37:31","modified_gmt":"2017-06-27T22:37:31","slug":"criminalizados-de-espinar-a-la-espera-de-una-sentencia-absolutoria","status":"publish","type":"post","link":"https:\/\/derechosinfronteras.pe\/ingles\/criminalizados-de-espinar-a-la-espera-de-una-sentencia-absolutoria\/","title":{"rendered":"Criminalizados de Espinar a la espera de una sentencia absolutoria"},"content":{"rendered":"<p style=\"text-align: justify;\"><strong>El caso del conflicto en <a class=\"_58cn\" href=\"https:\/\/www.facebook.com\/hashtag\/espinar?source=feed_text&amp;story_id=1313413995443792\" data-ft=\"{&quot;tn&quot;:&quot;*N&quot;,&quot;type&quot;:104}\" target=\"_blank\" rel=\"noopener\"><span class=\"_5afx\"><span class=\"_58cl _5afz\">#<\/span><span class=\"_58cm\">Espinar<\/span><\/span><\/a>,<\/strong> que estall\u00f3 en mayo del 2012, y cuyo saldo fueron <strong>3 personas fallecidos<\/strong>, m\u00e1s de <strong>100 heridos (entre civiles y polic\u00edas)<\/strong>, una decena de personas detenidas para luego ser procesados judicialmente, puede volver a marcar la agenda nacional en los pr\u00f3ximos d\u00edas, ya que el juicio oral de <strong><a href=\"http:\/\/derechosinfronteras.pe\/ingles\/espinar-proceso-judicial-contra-ex-dirigentes-y-ex-alcalde-de-espinarpor-participar-en-movilizacion-social-del-2012-entra-a-su-fase-final\/\">Oscar Mollohuanca Ex alcalde de la provincia de Espinar<\/a>, Herbert Huaman y Sergio Huamani ex dir<\/strong><span class=\"text_exposed_show\"><strong>igentes del Frente \u00danico de Defensa de los Intereses de Espinar (FUDIE)<\/strong>, ha llegado a su etapa final.<\/span><\/p>\n<figure id=\"attachment_2666\" aria-describedby=\"caption-attachment-2666\" style=\"width: 768px\" class=\"wp-caption aligncenter\"><img fetchpriority=\"high\" decoding=\"async\" class=\"wp-image-2666 size-full\" src=\"http:\/\/derechosinfronteras.pe\/wp-content\/uploads\/2017\/06\/DIRIGENTES-CRIMINALIZADOS-ESPINAR.jpg\" alt=\"\" width=\"768\" height=\"460\" \/><figcaption id=\"caption-attachment-2666\" class=\"wp-caption-text\">Sergio Huamani, Oscar Mollohuanca y Herbert Huaman, los tres procesados por el Conflicto de Espinar, en mayo del 2012<\/figcaption><\/figure>\n<div class=\"text_exposed_show\">\n<p style=\"text-align: justify;\">Como se recuerda, Oscar Mollohuanca y los ex dirigentes afrontan un proceso judicial en la<strong> ciudad de <a class=\"_58cn\" href=\"https:\/\/www.facebook.com\/hashtag\/ica?source=feed_text&amp;story_id=1313413995443792\" data-ft=\"{&quot;tn&quot;:&quot;*N&quot;,&quot;type&quot;:104}\" target=\"_blank\" rel=\"noopener\"><span class=\"_5afx\"><span class=\"_58cl _5afz\">#<\/span><span class=\"_58cm\">Ica<\/span><\/span><\/a><\/strong>, por haber participado en las movilizaciones sociales e intentar canalizar las justas demandas de la poblaci\u00f3n espinarense en contra de la empresa minera. Las tres personas est\u00e1n siendo acusados por delitos de entorpecimiento de los servicios p\u00fablicos, disturbios y\u00a0atentado contra la seguridad com\u00fan. \u00a0<strong>La Fiscal\u00eda solicita 7 a\u00f1os de c\u00e1rcel por los dos primeros delitos y 8\u00a0a\u00f1os por atentado contra la seguridad com\u00fan, adem\u00e1s del pago de una reparaci\u00f3n civil de 100 mil nuevos soles<\/strong>. Mientras que el procurador pide una suma de alrededor 5 millones de soles.<\/p>\n<p style=\"text-align: justify;\">El Poder Judicial de Ica tiene programada la audiencia de alegatos finales para el pr\u00f3ximo <strong>04 de julio del 2017 a las 10:30 AM en el Primer Juzgado Unipersonal de Ica.<\/strong> Es importante se\u00f1alar que Ica, es una regi\u00f3n que se encuentra ubicada a casi 24 horas en bus desde Espinar, afectando econ\u00f3mica y socialmente a los tres procesados. De esta forma el juzgado de Ica, despu\u00e9s de escuchar los alegatos de ambas partes, <strong>deber\u00e1 emitir una sentencia en las pr\u00f3ximas semanas.<\/strong> Han sido poco m\u00e1s de cinco a\u00f1os de investigaciones injustas, sin duda alguna el caso de Espinar es uno los m\u00e1s emblem\u00e1ticos de criminalizaci\u00f3n en el gobierno de <strong>Ollanta Humala.<\/strong><\/p>\n<p style=\"text-align: justify;\">Es importante, que frente a esta coyuntura, las instituciones, organizaciones y sociedad civil en general puedan pronunciarse <strong>frente a la posibilidad de una sentencia condenatoria<\/strong> contra los procesados, pues significar\u00eda una grave vulneraci\u00f3n al <strong>derecho a la protesta y a la libertad de opini\u00f3n y expresi\u00f3n<\/strong>. En ese sentido, desde D<a href=\"https:\/\/www.facebook.com\/derechossinfronteras.pe\/?fref=nf\" target=\"_blank\" rel=\"noopener\">erechos Humanos sin Fronteras<\/a>, compartimos un video informativo sobre lo que se vivi\u00f3 en Espinar en el 2012, para seguir informando y mantener la memoria de las exigencias del pueblo espinarense, las cuales no han perdido vigencia.<\/p>\n<div class=\"fb-video\" data-allowfullscreen=\"true\" data-href=\"https:\/\/www.facebook.com\/derechossinfronteras.pe\/videos\/1313413995443792\/\" style=\"background-color: #fff; display: inline-block;\"><\/div>\n<\/div>","protected":false},"excerpt":{"rendered":"<p>El caso del conflicto en #Espinar, que estall\u00f3 en mayo del 2012, y cuyo saldo fueron 3 personas fallecidos, m\u00e1s de 100 heridos (entre civiles y polic\u00edas), una decena de personas detenidas para luego ser procesados judicialmente, puede volver a marcar la agenda nacional en los pr\u00f3ximos d\u00edas, ya que el juicio oral de Oscar [&hellip;]<\/p>\n","protected":false},"author":1,"featured_media":5052,"comment_status":"closed","ping_status":"open","sticky":false,"template":"","format":"standard","meta":{"_monsterinsights_skip_tracking":false,"_monsterinsights_sitenote_active":false,"_monsterinsights_sitenote_note":"","_monsterinsights_sitenote_category":0,"_jetpack_memberships_contains_paid_content":false,"footnotes":"","jetpack_publicize_message":"","jetpack_publicize_feature_enabled":true,"jetpack_social_post_already_shared":false,"jetpack_social_options":{"image_generator_settings":{"template":"highway","default_image_id":0,"font":"","enabled":false},"version":2}},"categories":[1],"tags":[],"class_list":["post-5051","post","type-post","status-publish","format-standard","has-post-thumbnail","hentry","category-sin-categoria"],"blocksy_meta":[],"jetpack_publicize_connections":[],"jetpack_featured_media_url":"https:\/\/derechosinfronteras.pe\/wp-content\/uploads\/2017\/06\/Para-video-Espinar.jpg","jetpack_sharing_enabled":true,"jetpack_likes_enabled":true,"_links":{"self":[{"href":"https:\/\/derechosinfronteras.pe\/ingles\/wp-json\/wp\/v2\/posts\/5051","targetHints":{"allow":["GET"]}}],"collection":[{"href":"https:\/\/derechosinfronteras.pe\/ingles\/wp-json\/wp\/v2\/posts"}],"about":[{"href":"https:\/\/derechosinfronteras.pe\/ingles\/wp-json\/wp\/v2\/types\/post"}],"author":[{"embeddable":true,"href":"https:\/\/derechosinfronteras.pe\/ingles\/wp-json\/wp\/v2\/users\/1"}],"replies":[{"embeddable":true,"href":"https:\/\/derechosinfronteras.pe\/ingles\/wp-json\/wp\/v2\/comments?post=5051"}],"version-history":[{"count":0,"href":"https:\/\/derechosinfronteras.pe\/ingles\/wp-json\/wp\/v2\/posts\/5051\/revisions"}],"wp:featuredmedia":[{"embeddable":true,"href":"https:\/\/derechosinfronteras.pe\/ingles\/wp-json\/wp\/v2\/media\/5052"}],"wp:attachment":[{"href":"https:\/\/derechosinfronteras.pe\/ingles\/wp-json\/wp\/v2\/media?parent=5051"}],"wp:term":[{"taxonomy":"category","embeddable":true,"href":"https:\/\/derechosinfronteras.pe\/ingles\/wp-json\/wp\/v2\/categories?post=5051"},{"taxonomy":"post_tag","embeddable":true,"href":"https:\/\/derechosinfronteras.pe\/ingles\/wp-json\/wp\/v2\/tags?post=5051"}],"curies":[{"name":"wp","href":"https:\/\/api.w.org\/{rel}","templated":true}]}}