{"id":5054,"date":"2017-06-26T19:43:34","date_gmt":"2017-06-27T00:43:34","guid":{"rendered":"http:\/\/derechosinfronteras.pe\/?p=2655"},"modified":"2017-06-26T19:43:34","modified_gmt":"2017-06-27T00:43:34","slug":"historias-de-agua-el-proximo-documental-sobre-mineria-y-sus-impactos","status":"publish","type":"post","link":"https:\/\/derechosinfronteras.pe\/ingles\/historias-de-agua-el-proximo-documental-sobre-mineria-y-sus-impactos\/","title":{"rendered":"\u2018Historias de agua\u2019 el pr\u00f3ximo documental sobre miner\u00eda y sus impactos ambientales"},"content":{"rendered":"<p style=\"text-align: justify;\">Hoy se estren\u00f3 el tr\u00e1iler del documental \u2018Historias de agua\u2019, un producto audiovisual que recoge evidencias de como las fuentes de agua vienen siendo contaminadas por actividades extractivas, adem\u00e1s de la afectaci\u00f3n a la salud humana en <strong>Cerro de Pasco, Jun\u00edn y Lima.<\/strong><\/p>\n<p style=\"text-align: justify;\">Con el testimonio de v\u00edctimas, comuneras y comuneros, defensores de derechos humanos y especialistas se busca visibilizar la problem\u00e1tica ambiental constantemente postergada por los gobiernos, justamente en un pa\u00eds, donde aparentemente el desarrollo se viene logrando gracias a la miner\u00eda.<\/p>\n<p style=\"text-align: justify;\">La direcci\u00f3n est\u00e1 a cargo de <strong>Gabriela Delgado Maldonado y Juan Manul Torres \u2013 Solari<\/strong>, con la coproducci\u00f3n de la Red Muqui y Killakukay y el auspicio de Oxfam y 11.11.11<\/p>\n<p style=\"text-align: justify;\">Pr\u00f3ximamente se lanzar\u00e1 la fecha de estreno, sin duda ser\u00e1 una herramienta para seguir poniendo en agenda nacional el tema del derecho agua.<\/p>\n<p><iframe title=\"Trailer del documental Historias de Agua\" width=\"1290\" height=\"726\" src=\"https:\/\/www.youtube.com\/embed\/Wc1krZI4JUk?feature=oembed\" frameborder=\"0\" allow=\"accelerometer; autoplay; clipboard-write; encrypted-media; gyroscope; picture-in-picture; web-share\" allowfullscreen><\/iframe><\/p>","protected":false},"excerpt":{"rendered":"<p>Hoy se estren\u00f3 el tr\u00e1iler del documental \u2018Historias de agua\u2019, un producto audiovisual que recoge evidencias de como las fuentes de agua vienen siendo contaminadas por actividades extractivas, adem\u00e1s de la afectaci\u00f3n a la salud humana en Cerro de Pasco, Jun\u00edn y Lima. Con el testimonio de v\u00edctimas, comuneras y comuneros, defensores de derechos humanos [&hellip;]<\/p>\n","protected":false},"author":1,"featured_media":5055,"comment_status":"closed","ping_status":"open","sticky":false,"template":"","format":"standard","meta":{"_monsterinsights_skip_tracking":false,"_monsterinsights_sitenote_active":false,"_monsterinsights_sitenote_note":"","_monsterinsights_sitenote_category":0,"_jetpack_memberships_contains_paid_content":false,"footnotes":"","jetpack_publicize_message":"","jetpack_publicize_feature_enabled":true,"jetpack_social_post_already_shared":false,"jetpack_social_options":{"image_generator_settings":{"template":"highway","default_image_id":0,"font":"","enabled":false},"version":2}},"categories":[1],"tags":[],"class_list":["post-5054","post","type-post","status-publish","format-standard","has-post-thumbnail","hentry","category-sin-categoria"],"blocksy_meta":[],"jetpack_publicize_connections":[],"jetpack_featured_media_url":"https:\/\/derechosinfronteras.pe\/wp-content\/uploads\/2017\/06\/Historias-de-Agua-e1498524094654.png","jetpack_sharing_enabled":true,"jetpack_likes_enabled":true,"_links":{"self":[{"href":"https:\/\/derechosinfronteras.pe\/ingles\/wp-json\/wp\/v2\/posts\/5054","targetHints":{"allow":["GET"]}}],"collection":[{"href":"https:\/\/derechosinfronteras.pe\/ingles\/wp-json\/wp\/v2\/posts"}],"about":[{"href":"https:\/\/derechosinfronteras.pe\/ingles\/wp-json\/wp\/v2\/types\/post"}],"author":[{"embeddable":true,"href":"https:\/\/derechosinfronteras.pe\/ingles\/wp-json\/wp\/v2\/users\/1"}],"replies":[{"embeddable":true,"href":"https:\/\/derechosinfronteras.pe\/ingles\/wp-json\/wp\/v2\/comments?post=5054"}],"version-history":[{"count":0,"href":"https:\/\/derechosinfronteras.pe\/ingles\/wp-json\/wp\/v2\/posts\/5054\/revisions"}],"wp:featuredmedia":[{"embeddable":true,"href":"https:\/\/derechosinfronteras.pe\/ingles\/wp-json\/wp\/v2\/media\/5055"}],"wp:attachment":[{"href":"https:\/\/derechosinfronteras.pe\/ingles\/wp-json\/wp\/v2\/media?parent=5054"}],"wp:term":[{"taxonomy":"category","embeddable":true,"href":"https:\/\/derechosinfronteras.pe\/ingles\/wp-json\/wp\/v2\/categories?post=5054"},{"taxonomy":"post_tag","embeddable":true,"href":"https:\/\/derechosinfronteras.pe\/ingles\/wp-json\/wp\/v2\/tags?post=5054"}],"curies":[{"name":"wp","href":"https:\/\/api.w.org\/{rel}","templated":true}]}}