{"id":5056,"date":"2017-06-23T19:07:16","date_gmt":"2017-06-24T00:07:16","guid":{"rendered":"http:\/\/derechosinfronteras.pe\/?p=2650"},"modified":"2017-06-23T19:07:16","modified_gmt":"2017-06-24T00:07:16","slug":"feliz-192-aniversario-chumbivilcas","status":"publish","type":"post","link":"https:\/\/derechosinfronteras.pe\/ingles\/feliz-192-aniversario-chumbivilcas\/","title":{"rendered":"Feliz 192\u00b0 aniversario Chumbivilcas"},"content":{"rendered":"<p style=\"text-align: justify;\">Con diferentes actividades y con la participaci\u00f3n de autoridades provinciales, distritales, instituciones p\u00fablicas y privadas, as\u00ed como organizaciones sociales de base se celebr\u00f3 el <strong>192\u00b0 aniversario<\/strong> de creaci\u00f3n pol\u00edtica de la provincia cusque\u00f1a de <strong>Chumbivilcas<\/strong>, d\u00e1ndose cita el pasado 20 de junio en la Plaza Mayor de <strong>Santo Tomas<\/strong>, capital de la provincia.<\/p>\n<p style=\"text-align: justify;\">El acto protocolar dio inicio alrededor de las 9:00 a.m. con la sesi\u00f3n solemne presidida por el <strong>alcalde de la provincia, David Vera Castillo<\/strong>, y antes de dar inicio con el desfile c\u00edvico por esta fecha el alcalde hizo entrega de 8 motocicletas a <strong>Eusebio Sivincha Mataqque presidente de las Rondas Campesinas Provincial<\/strong> como parte del proyecto de fortalecimiento a la organizaci\u00f3n, ejecutada por la municipalidad provincial.<\/p>\n<p style=\"text-align: justify;\">En el desfile c\u00edvico tambi\u00e9n participaron instituciones no gubernamentales como el <strong>Grupo Impulsor por la Gobernabilidad de Chumbivilcas,<\/strong> encabezada por su coordinador <strong>Huber Alviz R<\/strong>. Este Espacio lo conforman <strong><a href=\"https:\/\/www.facebook.com\/derechossinfronteras.pe\/\" target=\"_blank\" rel=\"noopener\">Derechos Humanos Sin fronteras<\/a>, ARARIWA, CADEP, Plan internacional, SISAL, Programa Tambos, ARMAPCH,\u00a0 CEM, Defensoras Comunitarias \u201cKosi Qoyllor\u201d y AMAEFCH<\/strong>.<\/p>\n<p style=\"text-align: justify;\">La celebraci\u00f3n contin\u00fao con la serenata de m\u00fasica Chumbivilcana y fuegos artificiales para cerrar la noche. Para el 21 de Junio, d\u00eda central, convoc\u00f3 a las instituciones educativas en un desfile escolar y hubo un discurso de aniversario a cargo de la autoridad edil.<\/p>\n<p style=\"text-align: justify;\">Desde nuestra instituci\u00f3n saludamos a\u00a0#Chumbivilcas, una provincia cuyo coraje y lucha son referencia para #Cusco.<\/p>\n<div class=\"fb-post\" data-href=\"https:\/\/www.facebook.com\/derechossinfronteras.pe\/photos\/a.741549455963585.1073741826.339097252875476\/1306871536098038\/?type=3\" data-width=\"552\" style=\"background-color: #fff; display: inline-block;\"><\/div>\n<p style=\"text-align: justify;\">","protected":false},"excerpt":{"rendered":"<p>Con diferentes actividades y con la participaci\u00f3n de autoridades provinciales, distritales, instituciones p\u00fablicas y privadas, as\u00ed como organizaciones sociales de base se celebr\u00f3 el 192\u00b0 aniversario de creaci\u00f3n pol\u00edtica de la provincia cusque\u00f1a de Chumbivilcas, d\u00e1ndose cita el pasado 20 de junio en la Plaza Mayor de Santo Tomas, capital de la provincia. El acto [&hellip;]<\/p>\n","protected":false},"author":1,"featured_media":5057,"comment_status":"closed","ping_status":"open","sticky":false,"template":"","format":"standard","meta":{"_monsterinsights_skip_tracking":false,"_monsterinsights_sitenote_active":false,"_monsterinsights_sitenote_note":"","_monsterinsights_sitenote_category":0,"_jetpack_memberships_contains_paid_content":false,"footnotes":"","jetpack_publicize_message":"","jetpack_publicize_feature_enabled":true,"jetpack_social_post_already_shared":false,"jetpack_social_options":{"image_generator_settings":{"template":"highway","default_image_id":0,"font":"","enabled":false},"version":2}},"categories":[1],"tags":[],"class_list":["post-5056","post","type-post","status-publish","format-standard","has-post-thumbnail","hentry","category-sin-categoria"],"blocksy_meta":[],"jetpack_publicize_connections":[],"jetpack_featured_media_url":"https:\/\/derechosinfronteras.pe\/wp-content\/uploads\/2017\/06\/Chumbi-Aniv.jpg","jetpack_sharing_enabled":true,"jetpack_likes_enabled":true,"_links":{"self":[{"href":"https:\/\/derechosinfronteras.pe\/ingles\/wp-json\/wp\/v2\/posts\/5056","targetHints":{"allow":["GET"]}}],"collection":[{"href":"https:\/\/derechosinfronteras.pe\/ingles\/wp-json\/wp\/v2\/posts"}],"about":[{"href":"https:\/\/derechosinfronteras.pe\/ingles\/wp-json\/wp\/v2\/types\/post"}],"author":[{"embeddable":true,"href":"https:\/\/derechosinfronteras.pe\/ingles\/wp-json\/wp\/v2\/users\/1"}],"replies":[{"embeddable":true,"href":"https:\/\/derechosinfronteras.pe\/ingles\/wp-json\/wp\/v2\/comments?post=5056"}],"version-history":[{"count":0,"href":"https:\/\/derechosinfronteras.pe\/ingles\/wp-json\/wp\/v2\/posts\/5056\/revisions"}],"wp:featuredmedia":[{"embeddable":true,"href":"https:\/\/derechosinfronteras.pe\/ingles\/wp-json\/wp\/v2\/media\/5057"}],"wp:attachment":[{"href":"https:\/\/derechosinfronteras.pe\/ingles\/wp-json\/wp\/v2\/media?parent=5056"}],"wp:term":[{"taxonomy":"category","embeddable":true,"href":"https:\/\/derechosinfronteras.pe\/ingles\/wp-json\/wp\/v2\/categories?post=5056"},{"taxonomy":"post_tag","embeddable":true,"href":"https:\/\/derechosinfronteras.pe\/ingles\/wp-json\/wp\/v2\/tags?post=5056"}],"curies":[{"name":"wp","href":"https:\/\/api.w.org\/{rel}","templated":true}]}}