{"id":5058,"date":"2017-06-23T18:11:10","date_gmt":"2017-06-23T23:11:10","guid":{"rendered":"http:\/\/derechosinfronteras.pe\/?p=2643"},"modified":"2017-06-23T18:11:10","modified_gmt":"2017-06-23T23:11:10","slug":"que-significa-la-reduccion-de-estandares-de-calidad-ambiental-del-aire","status":"publish","type":"post","link":"https:\/\/derechosinfronteras.pe\/ingles\/que-significa-la-reduccion-de-estandares-de-calidad-ambiental-del-aire\/","title":{"rendered":"Per\u00fa: \u00bfQu\u00e9 significa la flexibilidad de los est\u00e1ndares de calidad ambiental?"},"content":{"rendered":"<p style=\"text-align: justify;\">Los Est\u00e1ndares de Calidad Ambiental (ECA), fijan los valores m\u00e1ximos permitidos de contaminantes en el medio ambiente. El prop\u00f3sito es garantizar la conservaci\u00f3n de la calidad ambiental mediante el uso de instrumentos de gesti\u00f3n ambiental sofisticados y de evaluaci\u00f3n detallada.<\/p>\n<p style=\"text-align: justify;\">Sin embargo, hace unos semanas el Minam aprob\u00f3 nuevos est\u00e1ndares de calidad ambiental para aire y agua, a trav\u00e9s del <strong>decreto supremo 003-2017-MINAM<\/strong>, actualizando los valores y par\u00e1metros haci\u00e9ndolos m\u00e1s accesibles para la actividad industrial (Principalmente la extractiva). De esta forma, y a pesar del pronunciamiento de diferentes organizaciones de sociedad civil, el est\u00e1ndar de di\u00f3xido de azufre (SO2) pas\u00f3 de una emisi\u00f3n de 20 ug\/m<sup>3<\/sup> diario a 250 ug\/m<sup>3<\/sup>.<\/p>\n<p style=\"text-align: justify;\">Adem\u00e1s, se increment\u00f3 el n\u00famero de veces en que una empresa puede superar dicho par\u00e1metro, <strong>de 3 veces al a\u00f1o, que dec\u00eda la antigua legislaci\u00f3n, a 7 veces por a\u00f1o.<\/strong><\/p>\n<p style=\"text-align: justify;\">Los cambios recientemente publicados tambi\u00e9n se refieren a los par\u00e1metros del material particulado. El de 2.5 micras (PM 2.5 micras) pas\u00f3 de los 25 a 50 microgramos por metro c\u00fabico dentro de las 24 horas. De acuerdo a informaci\u00f3n de la <strong>Organizaci\u00f3n Mundial de la Salud (OMS), <\/strong>tanto la alta emisi\u00f3n de di\u00f3xido de azufre como de las materias particuladas (de 2.5 micras y las de 10 micras) generan problemas respiratorios como la bronquitis y la neumon\u00eda en la poblaci\u00f3n expuesta.<\/p>\n<figure id=\"attachment_2644\" aria-describedby=\"caption-attachment-2644\" style=\"width: 695px\" class=\"wp-caption aligncenter\"><img fetchpriority=\"high\" decoding=\"async\" class=\"wp-image-2644 size-full\" src=\"http:\/\/derechosinfronteras.pe\/wp-content\/uploads\/2017\/06\/tabla_completo_decreto.png\" alt=\"\" width=\"695\" height=\"501\" \/><figcaption id=\"caption-attachment-2644\" class=\"wp-caption-text\">Tabla completa con el nuevo ECA de aire. Fuente: Decreto 003-2017-Minam.<\/figcaption><\/figure>\n<p style=\"text-align: justify;\"><strong>Pronunciamiento de Organizaciones <\/strong><\/p>\n<p style=\"text-align: justify;\"><strong>AIDA (Asociaci\u00f3n Interamericana para la Defensa del Ambiente) y la SPDA<\/strong> <strong>(Sociedad Peruana de Derecho Ambiental)<\/strong> fueron instituciones que enviaron comentarios y cr\u00edticas durante los 10 d\u00edas de plazo otorgados por el <strong>Minam<\/strong> tras la pre-publicaci\u00f3n del proyecto de Decreto Supremo, sin embargo el MINAM no tomo en cuenta sus recomendaciones<\/p>\n<p style=\"text-align: justify;\">En su justificaci\u00f3n, el <strong>Minam <\/strong>asegur\u00f3 que esta medida se ajusta \u201ca las recomendaciones del Organismo Mundial de la Salud y las realizadas por la <strong>OCDE<\/strong> en la Evaluaci\u00f3n de Desempe\u00f1o Ambiental del Per\u00fa, as\u00ed como a los Objetivos de Desarrollo Sostenible hacia el 2030\u201d.<\/p>\n<p style=\"text-align: justify;\">Para los especialistas consultados el balance del nuevo ECA de aire, en t\u00e9rminos generales, es negativo. \u201cLa idea es que se avance con la pol\u00edtica ambiental del Per\u00fa, lo \u00fanico positivo es la incorporaci\u00f3n de un nuevo agente regulado que es el mercurio gaseoso, pero m\u00e1s all\u00e1 de eso, se est\u00e1 retrocediendo. La poblaci\u00f3n debe saber que si hay un ECA de aire m\u00e1s estricto es porque el Estado se preocupa por su poblaci\u00f3n. Y eso no est\u00e1 sucediendo\u201d, declar\u00f3 <strong>Isabel Calle de la SPDA.<\/strong><\/p>\n<p style=\"text-align: justify;\"><strong>Caso La Oroya<\/strong><\/p>\n<p style=\"text-align: justify;\">Con esta flexibilizaci\u00f3n de los Eca\u2019s, las grandes beneficiadas ser\u00edan las empresas mineras que operan en <strong>La Oroya (Huancayo, Jun\u00edn)<\/strong>, territorio reconocido por sus altos niveles de contaminaci\u00f3n y afectaci\u00f3n a la salud humana. Pues, estos nuevos est\u00e1ndares les dan licencia a las empresas de seguir contaminando sin ning\u00fan regulamiento. Inmediatamente despu\u00e9s de haberse hecho p\u00fablica la variaci\u00f3n de Eca\u2019s, el Grupo de Estudio T\u00e9cnico Ambiental de la Calidad del Aire (Gesta Zonal Huancayo) y la Municipalidad Provincial de Huancayo, se pronunciaron exigieron al Ministerio del Ambiente (MINAM) continuar los Est\u00e1ndares ya establecidos.<\/p>","protected":false},"excerpt":{"rendered":"<p>Los Est\u00e1ndares de Calidad Ambiental (ECA), fijan los valores m\u00e1ximos permitidos de contaminantes en el medio ambiente. El prop\u00f3sito es garantizar la conservaci\u00f3n de la calidad ambiental mediante el uso de instrumentos de gesti\u00f3n ambiental sofisticados y de evaluaci\u00f3n detallada. Sin embargo, hace unos semanas el Minam aprob\u00f3 nuevos est\u00e1ndares de calidad ambiental para aire [&hellip;]<\/p>\n","protected":false},"author":1,"featured_media":5059,"comment_status":"closed","ping_status":"open","sticky":false,"template":"","format":"standard","meta":{"_monsterinsights_skip_tracking":false,"_monsterinsights_sitenote_active":false,"_monsterinsights_sitenote_note":"","_monsterinsights_sitenote_category":0,"_jetpack_memberships_contains_paid_content":false,"footnotes":"","jetpack_publicize_message":"","jetpack_publicize_feature_enabled":true,"jetpack_social_post_already_shared":false,"jetpack_social_options":{"image_generator_settings":{"template":"highway","default_image_id":0,"font":"","enabled":false},"version":2}},"categories":[1],"tags":[],"class_list":["post-5058","post","type-post","status-publish","format-standard","has-post-thumbnail","hentry","category-sin-categoria"],"blocksy_meta":[],"jetpack_publicize_connections":[],"jetpack_featured_media_url":"https:\/\/derechosinfronteras.pe\/wp-content\/uploads\/2017\/06\/IMG_0057.jpg","jetpack_sharing_enabled":true,"jetpack_likes_enabled":true,"_links":{"self":[{"href":"https:\/\/derechosinfronteras.pe\/ingles\/wp-json\/wp\/v2\/posts\/5058","targetHints":{"allow":["GET"]}}],"collection":[{"href":"https:\/\/derechosinfronteras.pe\/ingles\/wp-json\/wp\/v2\/posts"}],"about":[{"href":"https:\/\/derechosinfronteras.pe\/ingles\/wp-json\/wp\/v2\/types\/post"}],"author":[{"embeddable":true,"href":"https:\/\/derechosinfronteras.pe\/ingles\/wp-json\/wp\/v2\/users\/1"}],"replies":[{"embeddable":true,"href":"https:\/\/derechosinfronteras.pe\/ingles\/wp-json\/wp\/v2\/comments?post=5058"}],"version-history":[{"count":0,"href":"https:\/\/derechosinfronteras.pe\/ingles\/wp-json\/wp\/v2\/posts\/5058\/revisions"}],"wp:featuredmedia":[{"embeddable":true,"href":"https:\/\/derechosinfronteras.pe\/ingles\/wp-json\/wp\/v2\/media\/5059"}],"wp:attachment":[{"href":"https:\/\/derechosinfronteras.pe\/ingles\/wp-json\/wp\/v2\/media?parent=5058"}],"wp:term":[{"taxonomy":"category","embeddable":true,"href":"https:\/\/derechosinfronteras.pe\/ingles\/wp-json\/wp\/v2\/categories?post=5058"},{"taxonomy":"post_tag","embeddable":true,"href":"https:\/\/derechosinfronteras.pe\/ingles\/wp-json\/wp\/v2\/tags?post=5058"}],"curies":[{"name":"wp","href":"https:\/\/api.w.org\/{rel}","templated":true}]}}