{"id":5063,"date":"2017-06-22T18:31:24","date_gmt":"2017-06-22T23:31:24","guid":{"rendered":"http:\/\/derechosinfronteras.pe\/?p=2629"},"modified":"2017-06-22T18:31:24","modified_gmt":"2017-06-22T23:31:24","slug":"espinar-proceso-judicial-contra-ex-dirigentes-y-ex-alcalde-de-espinarpor-participar-en-movilizacion-social-del-2012-entra-a-su-fase-final","status":"publish","type":"post","link":"https:\/\/derechosinfronteras.pe\/ingles\/espinar-proceso-judicial-contra-ex-dirigentes-y-ex-alcalde-de-espinarpor-participar-en-movilizacion-social-del-2012-entra-a-su-fase-final\/","title":{"rendered":"Espinar: Proceso Judicial contra ex dirigentes y ex Alcalde,por participar en movilizaci\u00f3n social del 2012, entra a su fase final. \u00a0"},"content":{"rendered":"<p style=\"text-align: justify;\">El conflicto social de #Espinar, que estall\u00f3 en el 2012 y que dejo como saldo <strong>3 personas fallecidos, m\u00e1s de 100 heridos (entre civiles y polic\u00edas) y l\u00edderes sociales procesados judicialmente<\/strong> ingresa a su fase final. Actualmente <strong>Oscar Mollohuanca ex alcalde de Espinar, Herbert Huaman y Sergio Huamani<\/strong> ex dirigentes del <strong>Frente \u00danico de Defensa de los Intereses de Espinar (FUDIE)<\/strong>\u00a0afrontan un proceso judicial en la ciudad de #Ica por participar en las movilizaciones sociales de mayo del 2012, el alcalde y ex dirigentes son criminalizados por intentar canalizar las justas demandas de la poblaci\u00f3n espinarense en ese momento.<\/p>\n<p style=\"text-align: justify;\"><strong>El Poder Judicial de Ica<\/strong> tiene programada la audiencia de alegatos finales para el <strong>04 de julio del 2017<\/strong>. Cabe se\u00f1alar que Ica, es una regi\u00f3n, a casi 24 horas en bus desde Espinar, donde se lleva el proceso de <strong>Mollohuanca<\/strong>, <strong>Huaman\u00ed y Huam\u00e1n<\/strong> afectando econ\u00f3mica y socialmente a los tres procesados. De esta forma el juzgado de Ica deber\u00e1 emitir una sentencia en las pr\u00f3ximas semanas luego de m\u00e1s de cinco a\u00f1os de investigaciones injustas a los procesados.<\/p>\n<h3 style=\"text-align: justify;\"><strong>Desinformaci\u00f3n de algunos medios cusque\u00f1os sobre este caso.<\/strong><\/h3>\n<p style=\"text-align: justify;\">En relaci\u00f3n a este caso El <strong>Diario del Cusco<\/strong>, sac\u00f3 en sus p\u00e1ginas de hoy una nota, casi tendenciosa, pues se\u00f1ala que el Ex Alcalde viene siendo procesado por delitos de \u2018peculado\u2019 en la ciudad de Ica, informaci\u00f3n que es totalmente falsa, pues los procesos por los cuales se le acusa a Mollohuanca de corrupci\u00f3n \u2013en su gesti\u00f3n edil- han sido archivados en Cusco.<\/p>\n<figure id=\"attachment_2631\" aria-describedby=\"caption-attachment-2631\" style=\"width: 388px\" class=\"wp-caption aligncenter\"><img fetchpriority=\"high\" decoding=\"async\" class=\"wp-image-2631 size-full\" src=\"http:\/\/derechosinfronteras.pe\/wp-content\/uploads\/2017\/06\/Nota-de-OM.jpeg\" alt=\"\" width=\"388\" height=\"365\" \/><figcaption id=\"caption-attachment-2631\" class=\"wp-caption-text\">Nota periodista que public\u00f3 hoy el &#8216;Diario del Cusco&#8217;<\/figcaption><\/figure>\n<p style=\"text-align: justify;\">\u201cHab\u00edan algunos procesos que quer\u00edan tipificar delitos de peculado, pero todas han sido archivadas porque no han encontrado ninguna prueba. El actual proceso es una denuncia por disturbios, que se llev\u00f3 en un contexto de criminalizaci\u00f3n de la protesta, y por eso estamos seguros que ser\u00e1 una sentencia absolutoria porque tampoco no hay sustentos reales ni delitos cometidos que puedan significar una condena \u201d <strong>Declar\u00f3 en exclusiva para <a href=\"https:\/\/www.facebook.com\/derechossinfronteras.pe\/\" target=\"_blank\" rel=\"noopener\">DHSF <\/a>Oscar Mollohuanca<\/strong>. Adem\u00e1s agreg\u00f3 que es verdad que tiene denuncias por corrupci\u00f3n, pero que ninguna tiene elementos probatorios: \u201cHay denuncias de corrupci\u00f3n que ha hecho la actual gesti\u00f3n municipal, pero todas est\u00e1n en investigaci\u00f3n preliminar, ninguna ha llegado a juicio oral justamente porque no encuentran pruebas plenamente justificadas. Lo m\u00edo es m\u00e1s una persecuci\u00f3n pol\u00edtica de quienes quieren desacreditarme como persona\u201d concluy\u00f3 Mollohuanca.<\/p>\n<p style=\"text-align: justify;\">Por otro lado, ante esta publicaci\u00f3n, <strong>Sergio Sullca, abogando defensor<\/strong> de los tres procesados se ha pronunciado en\u00e9rgicamente a trav\u00e9s de las redes sociales, exigiendo a <strong>Marco Antonio Casas<\/strong>, director del peri\u00f3dico en menci\u00f3n, haga una aclaraci\u00f3n p\u00fablica de la informaci\u00f3n brindada, pues \u2013aparentemente- no es la primera vez que tergiversan contenidos: <strong>\u201cel d\u00eda 03 de junio de 2017 no se dar\u00e1 lectura de ninguna sentencia, sino que tendr\u00e1n lugar, los alegatos de clausura en el caso de \u00d3scar Mollohuanca Cruz, ex alcalde de la provincia de Espinar quien NO EST\u00c1 PROCESADO POR EL DELITO DE PECULADO &#8211; enti\u00e9ndalo de una vez &#8211; sino por DISTURBIOS, en buena cuenta, por defender el medio ambiente en su provincia y denunciar la contaminaci\u00f3n generada por la todo poderosa, empresa minera Glencore &#8211; Xstrata en mayo de 2012\u2026\u201d<\/strong><\/p>\n<p style=\"text-align: justify;\">Es muy com\u00fan que algunos periodistas y medios de comunicaci\u00f3n desde sus espacios tergiversen informaci\u00f3n frente a un contexto de conflicto social. Contribuyendo incluso a la criminalizaci\u00f3n de la protesta usando adjetivos como <strong>\u2018terrorista\u2019 \u2018antimineros\u2019 o \u2018antidesarrollo\u2019<\/strong> a lideres, dirigentes o autoridades que denuncian los impactos de la actividad minera en territorios como el de #Espinar y #Chumbivilcas.<\/p>\n<p>&nbsp;<\/p>","protected":false},"excerpt":{"rendered":"<p>El conflicto social de #Espinar, que estall\u00f3 en el 2012 y que dejo como saldo 3 personas fallecidos, m\u00e1s de 100 heridos (entre civiles y polic\u00edas) y l\u00edderes sociales procesados judicialmente ingresa a su fase final. Actualmente Oscar Mollohuanca ex alcalde de Espinar, Herbert Huaman y Sergio Huamani ex dirigentes del Frente \u00danico de Defensa [&hellip;]<\/p>\n","protected":false},"author":1,"featured_media":5064,"comment_status":"closed","ping_status":"open","sticky":false,"template":"","format":"standard","meta":{"_monsterinsights_skip_tracking":false,"_monsterinsights_sitenote_active":false,"_monsterinsights_sitenote_note":"","_monsterinsights_sitenote_category":0,"_jetpack_memberships_contains_paid_content":false,"footnotes":"","jetpack_publicize_message":"","jetpack_publicize_feature_enabled":true,"jetpack_social_post_already_shared":false,"jetpack_social_options":{"image_generator_settings":{"template":"highway","default_image_id":0,"font":"","enabled":false},"version":2}},"categories":[1],"tags":[],"class_list":["post-5063","post","type-post","status-publish","format-standard","has-post-thumbnail","hentry","category-sin-categoria"],"blocksy_meta":[],"jetpack_publicize_connections":[],"jetpack_featured_media_url":"https:\/\/derechosinfronteras.pe\/wp-content\/uploads\/2017\/06\/Oscar-Mollohuanca.jpg","jetpack_sharing_enabled":true,"jetpack_likes_enabled":true,"_links":{"self":[{"href":"https:\/\/derechosinfronteras.pe\/ingles\/wp-json\/wp\/v2\/posts\/5063","targetHints":{"allow":["GET"]}}],"collection":[{"href":"https:\/\/derechosinfronteras.pe\/ingles\/wp-json\/wp\/v2\/posts"}],"about":[{"href":"https:\/\/derechosinfronteras.pe\/ingles\/wp-json\/wp\/v2\/types\/post"}],"author":[{"embeddable":true,"href":"https:\/\/derechosinfronteras.pe\/ingles\/wp-json\/wp\/v2\/users\/1"}],"replies":[{"embeddable":true,"href":"https:\/\/derechosinfronteras.pe\/ingles\/wp-json\/wp\/v2\/comments?post=5063"}],"version-history":[{"count":0,"href":"https:\/\/derechosinfronteras.pe\/ingles\/wp-json\/wp\/v2\/posts\/5063\/revisions"}],"wp:featuredmedia":[{"embeddable":true,"href":"https:\/\/derechosinfronteras.pe\/ingles\/wp-json\/wp\/v2\/media\/5064"}],"wp:attachment":[{"href":"https:\/\/derechosinfronteras.pe\/ingles\/wp-json\/wp\/v2\/media?parent=5063"}],"wp:term":[{"taxonomy":"category","embeddable":true,"href":"https:\/\/derechosinfronteras.pe\/ingles\/wp-json\/wp\/v2\/categories?post=5063"},{"taxonomy":"post_tag","embeddable":true,"href":"https:\/\/derechosinfronteras.pe\/ingles\/wp-json\/wp\/v2\/tags?post=5063"}],"curies":[{"name":"wp","href":"https:\/\/api.w.org\/{rel}","templated":true}]}}