{"id":5066,"date":"2017-06-22T17:52:33","date_gmt":"2017-06-22T22:52:33","guid":{"rendered":"http:\/\/derechosinfronteras.pe\/?p=2626"},"modified":"2017-06-22T17:52:33","modified_gmt":"2017-06-22T22:52:33","slug":"sur-andino-abogadasos-por-los-derechos-humanos","status":"publish","type":"post","link":"https:\/\/derechosinfronteras.pe\/ingles\/sur-andino-abogadasos-por-los-derechos-humanos\/","title":{"rendered":"Sur Andino: Abogadas\/os por los Derechos Humanos"},"content":{"rendered":"<p style=\"text-align: justify;\">La ciudad imperial fue sede del <strong>\u201cEncuentro de abogados y abogadas defensor@s de derechos humanos del sur andino\u00bb, <\/strong>que se realiz\u00f3 el 21 y 22 de junio y tuvo representantes de <strong>Puno, Arequipa, Cusco, Apur\u00edmac y Lima. <\/strong>El espacio se plante\u00f3 para analizar el contexto de alta conflictividad social vinculado a actividades extractivas, principalmente en el sur andino, as\u00ed mismo los asistentes pudieron compartir y discernir estrategias de defensa legal, posibles escenarios regionales ante latentes conflictos sociales y las respuestas colectivas que se puedan preparar.<\/p>\n<p style=\"text-align: justify;\">El encuentro sirvi\u00f3 para que los asistentes puedan analizar los casos m\u00e1s emblem\u00e1ticos del pa\u00eds respecto a criminalizaci\u00f3n de la protesta y conflictos sociales como el de Las Bambas, Espinar, T\u00eda Mar\u00eda, Aymarazo, Bagua, Conga y el caso de M\u00e1xima Acu\u00f1a; teniendo entre sus expositores a reconocidos abogados como Ruth Luque, ex Directora de DHSF \u2013 Cusco, David Velazco, abogado de FEDEPAZ y Juan Carlos Ruiz, representante de IDL.<\/p>\n<p style=\"text-align: justify;\">Al concluir los dos d\u00edas de debate permitieron reafirmar el compromiso de las y los abogados vinculados a procesos judiciales que vulneran derechos humanos y colectivos y adem\u00e1s se fortaleci\u00f3 la articulaci\u00f3n de las organizaciones e instituciones que representan, apostando por una red de abogadas\/os y\/o estudiantes aliados, con quienes se realic\u00e9 seguimiento y acompa\u00f1amiento en iniciativas de defensa de derechos en todo el Sur Andino.<\/p>\n<p style=\"text-align: justify;\">Esta experiencia fue promovida por <a href=\"https:\/\/www.facebook.com\/derechossinfronteras.pe\/\" target=\"_blank\" rel=\"noopener\">DHSF \u2013 Cusco,<\/a> Coordinadora Nacional de Derechos Humanos, \u00a0Red Muqui, IDL, Red Muqui Sur, APRODEH, Cooper-Acci\u00f3n y BD<\/p>","protected":false},"excerpt":{"rendered":"<p>La ciudad imperial fue sede del \u201cEncuentro de abogados y abogadas defensor@s de derechos humanos del sur andino\u00bb, que se realiz\u00f3 el 21 y 22 de junio y tuvo representantes de Puno, Arequipa, Cusco, Apur\u00edmac y Lima. El espacio se plante\u00f3 para analizar el contexto de alta conflictividad social vinculado a actividades extractivas, principalmente en [&hellip;]<\/p>\n","protected":false},"author":1,"featured_media":5067,"comment_status":"closed","ping_status":"open","sticky":false,"template":"","format":"standard","meta":{"_monsterinsights_skip_tracking":false,"_monsterinsights_sitenote_active":false,"_monsterinsights_sitenote_note":"","_monsterinsights_sitenote_category":0,"_jetpack_memberships_contains_paid_content":false,"footnotes":"","jetpack_publicize_message":"","jetpack_publicize_feature_enabled":true,"jetpack_social_post_already_shared":false,"jetpack_social_options":{"image_generator_settings":{"template":"highway","default_image_id":0,"font":"","enabled":false},"version":2}},"categories":[1],"tags":[],"class_list":["post-5066","post","type-post","status-publish","format-standard","has-post-thumbnail","hentry","category-sin-categoria"],"blocksy_meta":[],"jetpack_publicize_connections":[],"jetpack_featured_media_url":"https:\/\/derechosinfronteras.pe\/wp-content\/uploads\/2017\/06\/Abogadxs.jpg","jetpack_sharing_enabled":true,"jetpack_likes_enabled":true,"_links":{"self":[{"href":"https:\/\/derechosinfronteras.pe\/ingles\/wp-json\/wp\/v2\/posts\/5066","targetHints":{"allow":["GET"]}}],"collection":[{"href":"https:\/\/derechosinfronteras.pe\/ingles\/wp-json\/wp\/v2\/posts"}],"about":[{"href":"https:\/\/derechosinfronteras.pe\/ingles\/wp-json\/wp\/v2\/types\/post"}],"author":[{"embeddable":true,"href":"https:\/\/derechosinfronteras.pe\/ingles\/wp-json\/wp\/v2\/users\/1"}],"replies":[{"embeddable":true,"href":"https:\/\/derechosinfronteras.pe\/ingles\/wp-json\/wp\/v2\/comments?post=5066"}],"version-history":[{"count":0,"href":"https:\/\/derechosinfronteras.pe\/ingles\/wp-json\/wp\/v2\/posts\/5066\/revisions"}],"wp:featuredmedia":[{"embeddable":true,"href":"https:\/\/derechosinfronteras.pe\/ingles\/wp-json\/wp\/v2\/media\/5067"}],"wp:attachment":[{"href":"https:\/\/derechosinfronteras.pe\/ingles\/wp-json\/wp\/v2\/media?parent=5066"}],"wp:term":[{"taxonomy":"category","embeddable":true,"href":"https:\/\/derechosinfronteras.pe\/ingles\/wp-json\/wp\/v2\/categories?post=5066"},{"taxonomy":"post_tag","embeddable":true,"href":"https:\/\/derechosinfronteras.pe\/ingles\/wp-json\/wp\/v2\/tags?post=5066"}],"curies":[{"name":"wp","href":"https:\/\/api.w.org\/{rel}","templated":true}]}}