{"id":5068,"date":"2017-06-21T18:14:32","date_gmt":"2017-06-21T23:14:32","guid":{"rendered":"http:\/\/derechosinfronteras.pe\/?p=2622"},"modified":"2017-06-21T18:14:32","modified_gmt":"2017-06-21T23:14:32","slug":"caso-cerro-de-pasco-cnddhh-exige-acciones-inmediatas","status":"publish","type":"post","link":"https:\/\/derechosinfronteras.pe\/ingles\/caso-cerro-de-pasco-cnddhh-exige-acciones-inmediatas\/","title":{"rendered":"Caso Cerro de Pasco: CNDDHH exige acciones inmediatas"},"content":{"rendered":"<h2 style=\"text-align: justify;\">La CNDDHH frente al desastre ambiental que afrontan las ciudadanas y ciudadanos del distrito de Sim\u00f3n Bol\u00edvar, provincia de Cerro de Pasco, urge a los ministerios responsables a tomar acciones inmediatas para salvaguardar su vida y su salud<\/h2>\n<p style=\"text-align: justify;\">El Centro de Salud Ocupacional y Protecci\u00f3n del Ambiente (CENSOPAS), del MINSA, encontr\u00f3 120% de plomo en la sangre de una ni\u00f1a de a\u00f1o y medio, en el a\u00f1o 2006, situaci\u00f3n por la que estar\u00edan pasando otras ni\u00f1as y ni\u00f1os de la regi\u00f3n Pasco, registr\u00e1ndose graves enfermedades, incluso muertes. Sin embargo a\u00fan no hay medidas estatales eficaces frente a este desastre ambiental que est\u00e1 atentando contra el derecho a la vida y la salud de una poblaci\u00f3n entera.<\/p>\n<p style=\"text-align: justify;\">A pesar que en mayo de 2012 se declar\u00f3 el distrito en estado de emergencia, mediante Resoluci\u00f3n Ministerial de N\u00b0 117-2012-MINAM, no se tomaron medidas efectivas para asegurar el derecho a la vida y la salud de la poblaci\u00f3n afectada. Es por esto que, ante la falta de atenci\u00f3n a sus justos reclamos, en septiembre de 2015 la ciudadan\u00eda de Sim\u00f3n Bol\u00edvar realiz\u00f3 una marcha de sacrificio a la ciudad de Lima, aunque nuevamente sus pedidos no fueran atendidos por el gobierno del entonces presidente Humala Tasso.<\/p>\n<p style=\"text-align: justify;\">Incrementando este sufrimiento y olvido por parte del Estado de una poblaci\u00f3n entera contaminada, el actual gobierno public\u00f3 este 7 de junio el Decreto Supremo N\u00b0 003-2017-MINAM, mediante el cual se flexibiliza el ECA del aire y eleva el par\u00e1metro de emisi\u00f3n de di\u00f3xido de azufre diario de 20 ug\/m3 a 250 ug\/m3 e incrementa el n\u00famero de veces en que una empresa puede superar dicho par\u00e1metro, de 3 veces al a\u00f1o a 7 veces por a\u00f1o, entre otras medidas; todos estos cambios implican un mayor deterioro en la calidad de vida de las personas ya afectadas y con graves enfermedades producto de la contaminaci\u00f3n por metales pesados. Este decreto tambi\u00e9n favorece el accionar del Complejo Metal\u00fargico de La Oroya.<\/p>\n<p style=\"text-align: justify;\">Desde el 13 de junio del presente a\u00f1o, nuevamente la ciudadan\u00eda del distrito de Sim\u00f3n Bol\u00edvar incluyendo ni\u00f1as y ni\u00f1os, entre quienes se encuentran pacientes con c\u00e1ncer y leucemia (muy probablemente producto de la contaminaci\u00f3n por metales pesados en su comunidad), han llegado a la ciudad de Lima y se encuentran encadenados en las rejas del Ministerio de Salud demandando una urgente soluci\u00f3n frente a la tragedia ambiental que sufren. Hasta ahora sus reclamos no han sido atendidos con seriedad y compromiso firme de tomar las medidas necesarias para salvaguardar su derecho a la vida y a la salud.<\/p>\n<p style=\"text-align: justify;\">Su pedido urgente es la construcci\u00f3n de un centro de salud con capacidad de atenci\u00f3n y desintoxicaci\u00f3n de estos graves casos, el diagn\u00f3stico y atenci\u00f3n a toda la ciudadan\u00eda de Cerro de Pasco; adem\u00e1s del cierre de los pasivos ambientales con geomembranas que rodeen los asentamientos humanos de Cerro de Pasco; la arborizaci\u00f3n de toda la ciudad; la pavimentaci\u00f3n de pistas y veredas con el objetivo mitigar la contaminaci\u00f3n del suelo, agua y aire; entre otros requerimientos.<\/p>\n<p style=\"text-align: justify;\">La situaci\u00f3n empeora dado que, lejos de escuchar sus justos reclamos, se les ha denunciado ante el Poder Judicial por violencia familiar y ante la Direcci\u00f3n de Investigaci\u00f3n Tutelar del Ministerio de la Mujer y Poblaciones Vulnerables; lo cual agrava la situaci\u00f3n de afectaci\u00f3n de las ni\u00f1as y ni\u00f1os pudiendo incluso separarlas y separarlos de sus padres y generar un contexto de violencia social, con lo cual se afectar\u00e1 a\u00fan m\u00e1s su salud f\u00edsica y emocional.<\/p>\n<p style=\"text-align: justify;\">Desde la Coordinadora Nacional de Derechos Humanos urgimos a los ministerios responsables (PCM, MINSA, MINEM, MINAM, MINJUS y Vivienda) a atender esta situaci\u00f3n, cabe se\u00f1alar que a la fecha el Ministerio de Salud no cuenta con un protocolo ni programa de atenci\u00f3n apropiados para enfrentar esta emergencia. Esta emergencia debe ser liderada y asumida desde la Presidencia del Consejo de Ministros de manera efectiva, no se puede seguir poniendo trabas a las justas demandas de la ciudadan\u00eda de Cerro de Pasco.<\/p>\n<p style=\"text-align: justify;\">De igual manera exhortamos a las autoridades responsables del sistema de justicia a resolver esta situaci\u00f3n sin interferencias pol\u00edticas y bajo el m\u00e1s absoluto respeto del Estado de derecho, velando siempre por el principio del inter\u00e9s superior del ni\u00f1o para evitar situaciones que pudieran agravar a\u00fan m\u00e1s su integridad.<\/p>\n<p style=\"text-align: justify;\">Lima, 21 de junio de 2017<\/p>\n<p style=\"text-align: justify;\">Coordinadora Nacional de Derechos Humanos<\/p>\n<p style=\"text-align: justify;\">\n<p style=\"text-align: justify;\">Foto: Red Muqui<\/p>","protected":false},"excerpt":{"rendered":"<p>La CNDDHH frente al desastre ambiental que afrontan las ciudadanas y ciudadanos del distrito de Sim\u00f3n Bol\u00edvar, provincia de Cerro de Pasco, urge a los ministerios responsables a tomar acciones inmediatas para salvaguardar su vida y su salud El Centro de Salud Ocupacional y Protecci\u00f3n del Ambiente (CENSOPAS), del MINSA, encontr\u00f3 120% de plomo en [&hellip;]<\/p>\n","protected":false},"author":1,"featured_media":5069,"comment_status":"closed","ping_status":"open","sticky":false,"template":"","format":"standard","meta":{"_monsterinsights_skip_tracking":false,"_monsterinsights_sitenote_active":false,"_monsterinsights_sitenote_note":"","_monsterinsights_sitenote_category":0,"_jetpack_memberships_contains_paid_content":false,"footnotes":"","jetpack_publicize_message":"","jetpack_publicize_feature_enabled":true,"jetpack_social_post_already_shared":false,"jetpack_social_options":{"image_generator_settings":{"template":"highway","default_image_id":0,"font":"","enabled":false},"version":2}},"categories":[1],"tags":[],"class_list":["post-5068","post","type-post","status-publish","format-standard","has-post-thumbnail","hentry","category-sin-categoria"],"blocksy_meta":[],"jetpack_publicize_connections":[],"jetpack_featured_media_url":"https:\/\/derechosinfronteras.pe\/wp-content\/uploads\/2017\/06\/19222817_1672369372795147_4903373496550754435_o-e1498086605387.jpg","jetpack_sharing_enabled":true,"jetpack_likes_enabled":true,"_links":{"self":[{"href":"https:\/\/derechosinfronteras.pe\/ingles\/wp-json\/wp\/v2\/posts\/5068","targetHints":{"allow":["GET"]}}],"collection":[{"href":"https:\/\/derechosinfronteras.pe\/ingles\/wp-json\/wp\/v2\/posts"}],"about":[{"href":"https:\/\/derechosinfronteras.pe\/ingles\/wp-json\/wp\/v2\/types\/post"}],"author":[{"embeddable":true,"href":"https:\/\/derechosinfronteras.pe\/ingles\/wp-json\/wp\/v2\/users\/1"}],"replies":[{"embeddable":true,"href":"https:\/\/derechosinfronteras.pe\/ingles\/wp-json\/wp\/v2\/comments?post=5068"}],"version-history":[{"count":0,"href":"https:\/\/derechosinfronteras.pe\/ingles\/wp-json\/wp\/v2\/posts\/5068\/revisions"}],"wp:featuredmedia":[{"embeddable":true,"href":"https:\/\/derechosinfronteras.pe\/ingles\/wp-json\/wp\/v2\/media\/5069"}],"wp:attachment":[{"href":"https:\/\/derechosinfronteras.pe\/ingles\/wp-json\/wp\/v2\/media?parent=5068"}],"wp:term":[{"taxonomy":"category","embeddable":true,"href":"https:\/\/derechosinfronteras.pe\/ingles\/wp-json\/wp\/v2\/categories?post=5068"},{"taxonomy":"post_tag","embeddable":true,"href":"https:\/\/derechosinfronteras.pe\/ingles\/wp-json\/wp\/v2\/tags?post=5068"}],"curies":[{"name":"wp","href":"https:\/\/api.w.org\/{rel}","templated":true}]}}