{"id":5070,"date":"2017-06-20T12:22:34","date_gmt":"2017-06-20T17:22:34","guid":{"rendered":"http:\/\/derechosinfronteras.pe\/?p=2617"},"modified":"2017-06-20T12:22:34","modified_gmt":"2017-06-20T17:22:34","slug":"el-sur-unido-en-la-defensa-del-agua","status":"publish","type":"post","link":"https:\/\/derechosinfronteras.pe\/ingles\/el-sur-unido-en-la-defensa-del-agua\/","title":{"rendered":"!El SUR unido en la defensa del AGUA!"},"content":{"rendered":"<div class=\"fb-video\" data-allowfullscreen=\"true\" data-href=\"https:\/\/www.facebook.com\/derechossinfronteras.pe\/videos\/1305868706198321\/\" style=\"background-color: #fff; display: inline-block;\"><\/div>\n<p style=\"text-align: justify;\">El 01 y 02 de junio, se realiz\u00f3 en <a class=\"_58cn\" href=\"https:\/\/www.facebook.com\/hashtag\/cusco?source=feed_text&amp;story_id=1305868706198321\" data-ft=\"{&quot;tn&quot;:&quot;*N&quot;,&quot;type&quot;:104}\" target=\"_blank\" rel=\"noopener\"><span class=\"_5afx\"><span class=\"_58cl _5afz\">#<\/span><span class=\"_58cm\">Cusco<\/span><\/span><\/a> el Encuentro Macro Regional del Sur Andino: <strong>\u201cDialogando y defendiendo nuestra agua\u201d<\/strong>, que reuni\u00f3 a m\u00e1s de 70 l\u00edderes de cuatro regiones del sur: <a class=\"_58cn\" href=\"https:\/\/www.facebook.com\/hashtag\/puno?source=feed_text&amp;story_id=1305868706198321\" data-ft=\"{&quot;tn&quot;:&quot;*N&quot;,&quot;type&quot;:104}\" target=\"_blank\" rel=\"noopener\"><span class=\"_5afx\"><span class=\"_58cl _5afz\">#<\/span><span class=\"_58cm\">Puno<\/span><\/span><\/a>, <a class=\"_58cn\" href=\"https:\/\/www.facebook.com\/hashtag\/apur%C3%ADmac?source=feed_text&amp;story_id=1305868706198321\" data-ft=\"{&quot;tn&quot;:&quot;*N&quot;,&quot;type&quot;:104}\" target=\"_blank\" rel=\"noopener\"><span class=\"_5afx\"><span class=\"_58cl _5afz\">#<\/span><span class=\"_58cm\">Apur\u00edmac<\/span><\/span><\/a>. <a class=\"_58cn\" href=\"https:\/\/www.facebook.com\/hashtag\/ayacucho?source=feed_text&amp;story_id=1305868706198321\" data-ft=\"{&quot;tn&quot;:&quot;*N&quot;,&quot;type&quot;:104}\" target=\"_blank\" rel=\"noopener\"><span class=\"_5afx\"><span class=\"_58cl _5afz\">#<\/span><span class=\"_58cm\">Ayacucho<\/span><\/span><\/a> y la regi\u00f3n anfitriona, para compartir sus preocupaciones, los problemas y los conflictos sociales en torno a los recursos h\u00eddricos en sus territorios, as\u00ed como las acciones que est\u00e1n realizando desde sus organizaciones y sus experiencias de gesti\u00f3n y uso eficiente del agua.<\/p>\n<p style=\"text-align: justify;\">Este espacio es un evento macro regional preparatorio para Encuentro Nacional por el Agua, que se realizar\u00e1 del 5 al 7 de Julio en Lima, denominado \u201c <a class=\"profileLink\" href=\"https:\/\/www.facebook.com\/2017yaku\/?fref=mentions\" data-hovercard=\"\/ajax\/hovercard\/page.php?id=1566283993408410&amp;extragetparams=%7B%22fref%22%3A%22mentions%22%7D\" data-hovercard-prefer-more-content-show=\"1\" target=\"_blank\" rel=\"noopener\">Yaku<\/a>: Miremos r\u00edo arriba\u201d.<\/p>\n<p style=\"text-align: justify;\">M\u00fasica: <a class=\"profileLink\" href=\"https:\/\/www.facebook.com\/fer.pesantesgonzalez?fref=mentions\" data-hovercard=\"\/ajax\/hovercard\/user.php?id=100000561953104&amp;extragetparams=%7B%22fref%22%3A%22mentions%22%7D\" data-hovercard-prefer-more-content-show=\"1\" target=\"_blank\" rel=\"noopener\">Sur\u00e1n Mkda<\/a><\/p>\n<p>Video: <a href=\"https:\/\/www.facebook.com\/derechossinfronteras.pe\/\" target=\"_blank\" rel=\"noopener\">DHSF &#8211; Cusco<\/a><\/p>","protected":false},"excerpt":{"rendered":"<p>El 01 y 02 de junio, se realiz\u00f3 en #Cusco el Encuentro Macro Regional del Sur Andino: \u201cDialogando y defendiendo nuestra agua\u201d, que reuni\u00f3 a m\u00e1s de 70 l\u00edderes de cuatro regiones del sur: #Puno, #Apur\u00edmac. #Ayacucho y la regi\u00f3n anfitriona, para compartir sus preocupaciones, los problemas y los conflictos sociales en torno a los [&hellip;]<\/p>\n","protected":false},"author":1,"featured_media":5071,"comment_status":"closed","ping_status":"open","sticky":false,"template":"","format":"standard","meta":{"_monsterinsights_skip_tracking":false,"_monsterinsights_sitenote_active":false,"_monsterinsights_sitenote_note":"","_monsterinsights_sitenote_category":0,"_jetpack_memberships_contains_paid_content":false,"footnotes":"","jetpack_publicize_message":"","jetpack_publicize_feature_enabled":true,"jetpack_social_post_already_shared":false,"jetpack_social_options":{"image_generator_settings":{"template":"highway","default_image_id":0,"font":"","enabled":false},"version":2}},"categories":[1],"tags":[],"class_list":["post-5070","post","type-post","status-publish","format-standard","has-post-thumbnail","hentry","category-sin-categoria"],"blocksy_meta":[],"jetpack_publicize_connections":[],"jetpack_featured_media_url":"https:\/\/derechosinfronteras.pe\/wp-content\/uploads\/2017\/06\/Encuentro-Sur-Andino-e1497978890617.jpg","jetpack_sharing_enabled":true,"jetpack_likes_enabled":true,"_links":{"self":[{"href":"https:\/\/derechosinfronteras.pe\/ingles\/wp-json\/wp\/v2\/posts\/5070","targetHints":{"allow":["GET"]}}],"collection":[{"href":"https:\/\/derechosinfronteras.pe\/ingles\/wp-json\/wp\/v2\/posts"}],"about":[{"href":"https:\/\/derechosinfronteras.pe\/ingles\/wp-json\/wp\/v2\/types\/post"}],"author":[{"embeddable":true,"href":"https:\/\/derechosinfronteras.pe\/ingles\/wp-json\/wp\/v2\/users\/1"}],"replies":[{"embeddable":true,"href":"https:\/\/derechosinfronteras.pe\/ingles\/wp-json\/wp\/v2\/comments?post=5070"}],"version-history":[{"count":0,"href":"https:\/\/derechosinfronteras.pe\/ingles\/wp-json\/wp\/v2\/posts\/5070\/revisions"}],"wp:featuredmedia":[{"embeddable":true,"href":"https:\/\/derechosinfronteras.pe\/ingles\/wp-json\/wp\/v2\/media\/5071"}],"wp:attachment":[{"href":"https:\/\/derechosinfronteras.pe\/ingles\/wp-json\/wp\/v2\/media?parent=5070"}],"wp:term":[{"taxonomy":"category","embeddable":true,"href":"https:\/\/derechosinfronteras.pe\/ingles\/wp-json\/wp\/v2\/categories?post=5070"},{"taxonomy":"post_tag","embeddable":true,"href":"https:\/\/derechosinfronteras.pe\/ingles\/wp-json\/wp\/v2\/tags?post=5070"}],"curies":[{"name":"wp","href":"https:\/\/api.w.org\/{rel}","templated":true}]}}