{"id":5072,"date":"2017-06-19T17:50:56","date_gmt":"2017-06-19T22:50:56","guid":{"rendered":"http:\/\/derechosinfronteras.pe\/?p=2611"},"modified":"2017-06-19T17:50:56","modified_gmt":"2017-06-19T22:50:56","slug":"solicitan-emergencia-sanitaria-en-cerro-de-pasco","status":"publish","type":"post","link":"https:\/\/derechosinfronteras.pe\/ingles\/solicitan-emergencia-sanitaria-en-cerro-de-pasco\/","title":{"rendered":"Solicitan emergencia sanitaria para Cerro de Pasco"},"content":{"rendered":"<p style=\"text-align: justify;\">Como se recuerda, desde la semana pasada, pobladores de <strong>Cerro de Pasco<\/strong>, protestaron encaden\u00e1ndose en los exteriores del Ministerio de Salud, exigiendo que el gobierno atienda sus demandas respecto al da\u00f1o ambiental y afectaci\u00f3n de salud humana producto de la actividad minera. Hoy, nuevamente, hicieron sentir su voz de protesta y propuesta, pues autoridades del distrito de <strong>Sim\u00f3n Bol\u00edvar<\/strong> (Distrito m\u00e1s afectado), junto con la <strong>RED MUQUI<\/strong>, elaboraron propuestas para que el Estado atienda a la poblaci\u00f3n que vive con metales pesados en sus cuerpos \u2013principalmente ni\u00f1as y ni\u00f1os- y declare la emergencia sanitaria en toda la regi\u00f3n Pasco.<\/p>\n<p style=\"text-align: justify;\">Los temas priorizados en esta propuesta son: Salud, Saneamiento (agua potable) y remediaci\u00f3n de pasivos ambientales.<em>\u00a0<\/em>Desde el Estado se ha conformado una Comisi\u00f3n Multisectorial que la conforman representantes del <strong>PCM, MINSA, MINAM, MINEM<\/strong> y Vivienda. Por parte de los pobladores de Sim\u00f3n Bol\u00edvar, existe una Comisi\u00f3n de dirigentes que dirige<strong> Zumel Trujillo, actual alcalde del distrito<\/strong><\/p>\n<p style=\"text-align: justify;\">Los temas que se apunta a priorizar, son la declaratoria de emergencia sanitaria, un plan de salud que implique tratamiento de personas afectadas por metales pesados en la sangre y la implementaci\u00f3n de la cl\u00ednica de desintoxicaci\u00f3n. Esto implica urgencia de realizar una l\u00ednea de base de salud y que se realic\u00e9 un registro de todas aquellas personas que requieran atenci\u00f3n especializada, sobre todo las poblaciones m\u00e1s vulnerables.<\/p>\n<h3 style=\"text-align: justify;\">DATOS:<\/h3>\n<p style=\"text-align: justify;\">\u21d2\u2018Sim\u00f3n Bol\u00edvar\u2019 ya fue declarado e<strong>n emergencia ambiental el 2012<\/strong>, sin embargo el Gobierno Regional no termin\u00f3 de ejecutar todo el presupuesto designado para atender la problem\u00e1tica. <strong>Esperemos la pronto respuesta del gobierno.<\/strong><\/p>\n<p style=\"text-align: justify;\">\u21d2La Defensor\u00eda del Pueblo esta acompa\u00f1ando el caso desde el inicio de las manifestaciones.<\/p>\n<p style=\"text-align: justify;\"><strong>\u00a0<\/strong><\/p>\n<p style=\"text-align: justify;\">Foto y Fuente: Red Muqui<\/p>","protected":false},"excerpt":{"rendered":"<p>Como se recuerda, desde la semana pasada, pobladores de Cerro de Pasco, protestaron encaden\u00e1ndose en los exteriores del Ministerio de Salud, exigiendo que el gobierno atienda sus demandas respecto al da\u00f1o ambiental y afectaci\u00f3n de salud humana producto de la actividad minera. Hoy, nuevamente, hicieron sentir su voz de protesta y propuesta, pues autoridades del [&hellip;]<\/p>\n","protected":false},"author":1,"featured_media":5073,"comment_status":"closed","ping_status":"open","sticky":false,"template":"","format":"standard","meta":{"_monsterinsights_skip_tracking":false,"_monsterinsights_sitenote_active":false,"_monsterinsights_sitenote_note":"","_monsterinsights_sitenote_category":0,"_jetpack_memberships_contains_paid_content":false,"footnotes":"","jetpack_publicize_message":"","jetpack_publicize_feature_enabled":true,"jetpack_social_post_already_shared":false,"jetpack_social_options":{"image_generator_settings":{"template":"highway","default_image_id":0,"font":"","enabled":false},"version":2}},"categories":[1],"tags":[],"class_list":["post-5072","post","type-post","status-publish","format-standard","has-post-thumbnail","hentry","category-sin-categoria"],"blocksy_meta":[],"jetpack_publicize_connections":[],"jetpack_featured_media_url":"https:\/\/derechosinfronteras.pe\/wp-content\/uploads\/2017\/06\/Emergencia-Sanitaria.jpg","jetpack_sharing_enabled":true,"jetpack_likes_enabled":true,"_links":{"self":[{"href":"https:\/\/derechosinfronteras.pe\/ingles\/wp-json\/wp\/v2\/posts\/5072","targetHints":{"allow":["GET"]}}],"collection":[{"href":"https:\/\/derechosinfronteras.pe\/ingles\/wp-json\/wp\/v2\/posts"}],"about":[{"href":"https:\/\/derechosinfronteras.pe\/ingles\/wp-json\/wp\/v2\/types\/post"}],"author":[{"embeddable":true,"href":"https:\/\/derechosinfronteras.pe\/ingles\/wp-json\/wp\/v2\/users\/1"}],"replies":[{"embeddable":true,"href":"https:\/\/derechosinfronteras.pe\/ingles\/wp-json\/wp\/v2\/comments?post=5072"}],"version-history":[{"count":0,"href":"https:\/\/derechosinfronteras.pe\/ingles\/wp-json\/wp\/v2\/posts\/5072\/revisions"}],"wp:featuredmedia":[{"embeddable":true,"href":"https:\/\/derechosinfronteras.pe\/ingles\/wp-json\/wp\/v2\/media\/5073"}],"wp:attachment":[{"href":"https:\/\/derechosinfronteras.pe\/ingles\/wp-json\/wp\/v2\/media?parent=5072"}],"wp:term":[{"taxonomy":"category","embeddable":true,"href":"https:\/\/derechosinfronteras.pe\/ingles\/wp-json\/wp\/v2\/categories?post=5072"},{"taxonomy":"post_tag","embeddable":true,"href":"https:\/\/derechosinfronteras.pe\/ingles\/wp-json\/wp\/v2\/tags?post=5072"}],"curies":[{"name":"wp","href":"https:\/\/api.w.org\/{rel}","templated":true}]}}