{"id":5074,"date":"2017-06-16T19:22:04","date_gmt":"2017-06-17T00:22:04","guid":{"rendered":"http:\/\/derechosinfronteras.pe\/?p=2598"},"modified":"2017-06-16T19:22:04","modified_gmt":"2017-06-17T00:22:04","slug":"mmg-las-bambas-se-niega-a-instalar-mesa-de-trabajo-en-chumbivilcas","status":"publish","type":"post","link":"https:\/\/derechosinfronteras.pe\/ingles\/mmg-las-bambas-se-niega-a-instalar-mesa-de-trabajo-en-chumbivilcas\/","title":{"rendered":"MMG \u2018Las Bambas\u2019 se niega a instalar Mesa de Trabajo en Chumbivilcas"},"content":{"rendered":"<p style=\"text-align: justify;\">Tal como la hab\u00edamos informado, para hoy estaba prevista la instalaci\u00f3n de la mesa de Trabajo con \u2018MMG Las Bambas\u2019, que se retras\u00f3 casi hasta el mediod\u00eda, por la ausencia del Alcalde Provincial, debido a un robo que hab\u00eda sufrido la iglesia principal de la provincia, en su reemplazo estuvo el Teniente Alcalde.<\/p>\n<p style=\"text-align: justify;\">En esta reuni\u00f3n, se ten\u00eda previsto las mismas acciones que el d\u00eda anterior, es decir definir que organizaciones y autoridades conformar\u00edan el Comit\u00e9 de Trabajo para revisar el tema del convenio de cooperaci\u00f3n con la empresa minera. Lo que nadie advert\u00eda, fueron las declaraciones de Marco Santos y Dina \u00c1lvarez Medina, representantes de la empresa minera &#8216;<strong>MMG Las Bambas&#8217;<\/strong>, quienes manifestaron que no conformar\u00edan ninguna mesa porque sus operaciones se realizan en territorios de <strong>#Cotabambas, #Apur\u00edmac (Challhuahuacho)<\/strong>, y no en <strong>#Chumbivilcas<\/strong>.<\/p>\n<p style=\"text-align: justify;\">Inmediatamente se les cuestion\u00f3 que hacen uso de carreteras <strong>Chumbivilcas (Corredor Minero)<\/strong>, v\u00edas donde transitan a diario m\u00e1s de 500 veh\u00edculos transportando materiales y residuos t\u00f3xicos, donde hay accidentes y derrames permanentes y que adem\u00e1s est\u00e1 causando enfermedades respiratorias en ni\u00f1as, ni\u00f1os y adultos mayores de las comunidades cercanas. Ante estos argumentos los representantes de la empresa minera, manifestaron que <strong>\u201chacen uso de una v\u00eda p\u00fablica\u201d<\/strong> y reconocieron que hay impactos negativos, pero que realizan mantenimiento a la carretera y apoyan a las comunidades afectadas. Con la ausencia de varios alcaldes distritales y del alcalde provincial, la sesi\u00f3n concluy\u00f3 sin ninguna acta firmada. Esta situaci\u00f3n empieza a preocupar a las comunidades, que siempre son las m\u00e1s afectadas.<\/p>\n<p style=\"text-align: justify;\">Esperemos que este escenario no signifiqu\u00e9 la celeridad de los conflictos socio-ambientales en la provincia cusque\u00f1a, que en diciembre del a\u00f1o pasado fue declarada en estado de emergencia.<\/p>\n<h3 style=\"text-align: justify;\">DATOS:<\/h3>\n<p>El pasado 17 de marzo, se firmaron los acuerdos de la\u00a0<strong>Mesa T\u00e9cnica para el desarrollo de la Provincia de Chumbivilcas<\/strong>, apostando por un monto superior a los 2 mil 700 millones de soles distribuidos en 145 proyectos para diferentes sectores: Transportes, Educaci\u00f3n, Salud, etc. Los acuerdos fueron suscritos por el\u00a0<strong>Poder Ejecutivo, Gobierno Regional, Gobiernos locales<\/strong>, representantes y l\u00edderes de organizaciones de base de toda la provincia cusque\u00f1a.<\/p>","protected":false},"excerpt":{"rendered":"<p>Tal como la hab\u00edamos informado, para hoy estaba prevista la instalaci\u00f3n de la mesa de Trabajo con \u2018MMG Las Bambas\u2019, que se retras\u00f3 casi hasta el mediod\u00eda, por la ausencia del Alcalde Provincial, debido a un robo que hab\u00eda sufrido la iglesia principal de la provincia, en su reemplazo estuvo el Teniente Alcalde. En esta [&hellip;]<\/p>\n","protected":false},"author":1,"featured_media":5075,"comment_status":"closed","ping_status":"open","sticky":false,"template":"","format":"standard","meta":{"_monsterinsights_skip_tracking":false,"_monsterinsights_sitenote_active":false,"_monsterinsights_sitenote_note":"","_monsterinsights_sitenote_category":0,"_jetpack_memberships_contains_paid_content":false,"footnotes":"","jetpack_publicize_message":"","jetpack_publicize_feature_enabled":true,"jetpack_social_post_already_shared":false,"jetpack_social_options":{"image_generator_settings":{"template":"highway","default_image_id":0,"font":"","enabled":false},"version":2}},"categories":[1],"tags":[],"class_list":["post-5074","post","type-post","status-publish","format-standard","has-post-thumbnail","hentry","category-sin-categoria"],"blocksy_meta":[],"jetpack_publicize_connections":[],"jetpack_featured_media_url":"https:\/\/derechosinfronteras.pe\/wp-content\/uploads\/2017\/06\/Las-Bambas.jpg","jetpack_sharing_enabled":true,"jetpack_likes_enabled":true,"_links":{"self":[{"href":"https:\/\/derechosinfronteras.pe\/ingles\/wp-json\/wp\/v2\/posts\/5074","targetHints":{"allow":["GET"]}}],"collection":[{"href":"https:\/\/derechosinfronteras.pe\/ingles\/wp-json\/wp\/v2\/posts"}],"about":[{"href":"https:\/\/derechosinfronteras.pe\/ingles\/wp-json\/wp\/v2\/types\/post"}],"author":[{"embeddable":true,"href":"https:\/\/derechosinfronteras.pe\/ingles\/wp-json\/wp\/v2\/users\/1"}],"replies":[{"embeddable":true,"href":"https:\/\/derechosinfronteras.pe\/ingles\/wp-json\/wp\/v2\/comments?post=5074"}],"version-history":[{"count":0,"href":"https:\/\/derechosinfronteras.pe\/ingles\/wp-json\/wp\/v2\/posts\/5074\/revisions"}],"wp:featuredmedia":[{"embeddable":true,"href":"https:\/\/derechosinfronteras.pe\/ingles\/wp-json\/wp\/v2\/media\/5075"}],"wp:attachment":[{"href":"https:\/\/derechosinfronteras.pe\/ingles\/wp-json\/wp\/v2\/media?parent=5074"}],"wp:term":[{"taxonomy":"category","embeddable":true,"href":"https:\/\/derechosinfronteras.pe\/ingles\/wp-json\/wp\/v2\/categories?post=5074"},{"taxonomy":"post_tag","embeddable":true,"href":"https:\/\/derechosinfronteras.pe\/ingles\/wp-json\/wp\/v2\/tags?post=5074"}],"curies":[{"name":"wp","href":"https:\/\/api.w.org\/{rel}","templated":true}]}}