{"id":5076,"date":"2017-06-15T18:01:12","date_gmt":"2017-06-15T23:01:12","guid":{"rendered":"http:\/\/derechosinfronteras.pe\/?p=2592"},"modified":"2017-06-15T18:01:12","modified_gmt":"2017-06-15T23:01:12","slug":"moquegua-estudio-determina-contaminacion-del-rio-coralaque","status":"publish","type":"post","link":"https:\/\/derechosinfronteras.pe\/ingles\/moquegua-estudio-determina-contaminacion-del-rio-coralaque\/","title":{"rendered":"#Moquegua: Estudio determina contaminaci\u00f3n del r\u00edo Coralaque"},"content":{"rendered":"<p style=\"text-align: justify;\">El pasado 19 de mayo, el Alcalde de la Municipalidad Provincial General S\u00e1nchez Cerro, Alcalde Provincial de Islay,\u00a0 conjuntamente con los alcaldes distritales de la Capilla , Matalaque, Chojata, la Oficina Zonal de PRODUCE y representantes de la Asociaci\u00f3n de Camaroneros del Alto Tambo, realizaron una inspecci\u00f3n y monitoreo de la calidad de agua de los afluentes del r\u00edo Coralaque, uno de los afluentes de Alto Tambo, dando as\u00ed cumplimiento al acuerdo de la primera sesi\u00f3n ordinaria de la <strong>Comisi\u00f3n Ambiental Municipal &#8211; GSCO.<\/strong><\/p>\n<p style=\"text-align: justify;\">Durante esta iniciativa de vigilancia ambiental, las autoridades recogieron testimonios de las y los comuneros de la zona, quienes aseguraron que la problem\u00e1tica de contaminaci\u00f3n del agua, es un problema recurrente y afirmaron que a causa de la actividad minera de la empresa \u2018Aruntani\u2019. Estas denuncias ya han sido notificadas al OEFA, MINAM, Gobierno Regional de Moquegua, y las Gerencias Regionales de\u00a0 Energ\u00eda y Minas y PRODUCE.<\/p>\n<p style=\"text-align: justify;\">Despu\u00e9s de casi un mes se presentaron los resultados la tarde del 13 de Junio en la primera sesi\u00f3n del<strong>\u00a0<\/strong><strong>Comit\u00e9 de Monitoreo y Participaci\u00f3n Ambiental de la contaminaci\u00f3n del r\u00edo Coralaque,<\/strong>\u00a0en la estaci\u00f3n experimental del INIA, en el Valle de\u00a0<strong>Moquegua<\/strong>. El estudio fue realizado por \u2018Cerper\u2019, un laboratorio autorizado por INACAL (Instituto Nacional de Calidad), en base a un an\u00e1lisis cuantitativo que se hizo para categor\u00eda 3 (Agro y animal) y se determin\u00f3 valores preocupantes. Para el caso de PH (medida de alcalinidad de una soluci\u00f3n) contiene 2,92.; de acuerdo al Est\u00e1ndar de Calidad Ambiental (ECA) establecido por el Decreto Supremo O15-2015-Minam, el par\u00e1metro permisible oscila entre 6,5 a 8,5. No puede ser menor ni mayor. Adem\u00e1s tiene alta concentraci\u00f3n de fluoruros (2,06) cuando el l\u00edmite es uno. Ocurre lo mismo con el sulfato (SO4-2) alcanzando 2,254 que es superior a 1,000 que es el l\u00edmite.\u00a0 <strong>En la naciente, se detect\u00f3 altos niveles de aluminio, fierro, cobre y un Ph elevado en los 10 puntos monitoreados.<\/strong><\/p>\n<p style=\"text-align: justify;\">Por su parte la integrante del OEFA, Heidi Araujo, anunci\u00f3 que\u00a0<strong>el pr\u00f3ximo mes iniciar\u00e1n un estudio detallado para determinar si la empresa minera es el causante de este agravio ambiental. <\/strong>\u00a0El estudio\u00a0<strong>bordear\u00e1 el medio mill\u00f3n de soles<\/strong>\u00a0y durar\u00e1 hasta noviembre, y se realizar\u00e1 conjuntamente con el ANA.<\/p>\n<h3 style=\"text-align: justify;\">Conflicto latente:<\/h3>\n<p style=\"text-align: justify;\">El presidente de la comunidad de Pachas,\u00a0<strong>Valent\u00edn Ramos<\/strong>, exigi\u00f3 que cesen las operaciones de Aruntani, pues tienen claro que la empresa es la causante de la contaminaci\u00f3n del R\u00edo Coralaque, que si bien no ha enfermado \u2013a\u00fan- a personas de la comunidad, s\u00ed lo est\u00e1 haciendo con algunas especies de flora y fauna.<\/p>\n<p style=\"text-align: justify;\">Por su parte el defensor del pueblo en Moquegua,\u00a0Jorge Hern\u00e1ndez, ha calificado esta situaci\u00f3n, que involucra a diferentes comunidades, <strong>como un conflicto social, que podr\u00eda empeorar si no hay inmediatez con los estudios.<\/strong> Para este <strong>viernes 16 de junio<\/strong>, se ha convocado a una paralizaci\u00f3n en contra de la compa\u00f1\u00eda minera \u2018Aruntani\u2019.<\/p>\n<p style=\"text-align: justify;\">Foto:\u00a0Municipalidad Provincial General S\u00e1nchez Cerro<\/p>","protected":false},"excerpt":{"rendered":"<p>El pasado 19 de mayo, el Alcalde de la Municipalidad Provincial General S\u00e1nchez Cerro, Alcalde Provincial de Islay,\u00a0 conjuntamente con los alcaldes distritales de la Capilla , Matalaque, Chojata, la Oficina Zonal de PRODUCE y representantes de la Asociaci\u00f3n de Camaroneros del Alto Tambo, realizaron una inspecci\u00f3n y monitoreo de la calidad de agua de [&hellip;]<\/p>\n","protected":false},"author":1,"featured_media":5077,"comment_status":"closed","ping_status":"open","sticky":false,"template":"","format":"standard","meta":{"_monsterinsights_skip_tracking":false,"_monsterinsights_sitenote_active":false,"_monsterinsights_sitenote_note":"","_monsterinsights_sitenote_category":0,"_jetpack_memberships_contains_paid_content":false,"footnotes":"","jetpack_publicize_message":"","jetpack_publicize_feature_enabled":true,"jetpack_social_post_already_shared":false,"jetpack_social_options":{"image_generator_settings":{"template":"highway","default_image_id":0,"font":"","enabled":false},"version":2}},"categories":[1],"tags":[],"class_list":["post-5076","post","type-post","status-publish","format-standard","has-post-thumbnail","hentry","category-sin-categoria"],"blocksy_meta":[],"jetpack_publicize_connections":[],"jetpack_featured_media_url":"https:\/\/derechosinfronteras.pe\/wp-content\/uploads\/2017\/06\/Rio-Coralaque-e1497567508731.jpg","jetpack_sharing_enabled":true,"jetpack_likes_enabled":true,"_links":{"self":[{"href":"https:\/\/derechosinfronteras.pe\/ingles\/wp-json\/wp\/v2\/posts\/5076","targetHints":{"allow":["GET"]}}],"collection":[{"href":"https:\/\/derechosinfronteras.pe\/ingles\/wp-json\/wp\/v2\/posts"}],"about":[{"href":"https:\/\/derechosinfronteras.pe\/ingles\/wp-json\/wp\/v2\/types\/post"}],"author":[{"embeddable":true,"href":"https:\/\/derechosinfronteras.pe\/ingles\/wp-json\/wp\/v2\/users\/1"}],"replies":[{"embeddable":true,"href":"https:\/\/derechosinfronteras.pe\/ingles\/wp-json\/wp\/v2\/comments?post=5076"}],"version-history":[{"count":0,"href":"https:\/\/derechosinfronteras.pe\/ingles\/wp-json\/wp\/v2\/posts\/5076\/revisions"}],"wp:featuredmedia":[{"embeddable":true,"href":"https:\/\/derechosinfronteras.pe\/ingles\/wp-json\/wp\/v2\/media\/5077"}],"wp:attachment":[{"href":"https:\/\/derechosinfronteras.pe\/ingles\/wp-json\/wp\/v2\/media?parent=5076"}],"wp:term":[{"taxonomy":"category","embeddable":true,"href":"https:\/\/derechosinfronteras.pe\/ingles\/wp-json\/wp\/v2\/categories?post=5076"},{"taxonomy":"post_tag","embeddable":true,"href":"https:\/\/derechosinfronteras.pe\/ingles\/wp-json\/wp\/v2\/tags?post=5076"}],"curies":[{"name":"wp","href":"https:\/\/api.w.org\/{rel}","templated":true}]}}