{"id":5078,"date":"2017-06-15T17:50:26","date_gmt":"2017-06-15T22:50:26","guid":{"rendered":"http:\/\/derechosinfronteras.pe\/?p=2589"},"modified":"2017-06-15T17:50:26","modified_gmt":"2017-06-15T22:50:26","slug":"chumbivilcas-se-conforma-mesa-de-trabajo-para-discutir-aporte-de-mas-empresas-mineras-para-la-provincia","status":"publish","type":"post","link":"https:\/\/derechosinfronteras.pe\/ingles\/chumbivilcas-se-conforma-mesa-de-trabajo-para-discutir-aporte-de-mas-empresas-mineras-para-la-provincia\/","title":{"rendered":"#Chumbivilcas: Se conforma Mesa de Trabajo para discutir aporte de empresas mineras para la provincia"},"content":{"rendered":"<p style=\"text-align: justify;\">Como se recuerda, el pasado 17 de marzo, se firmaron los acuerdos de la <strong>Mesa T\u00e9cnica para el desarrollo de la Provincia de Chumbivilcas<\/strong>, apostando por un monto superior a los 2 mil 700 millones de soles distribuidos en 145 proyectos para diferentes sectores: Transportes, Educaci\u00f3n, Salud, etc. Los acuerdos fueron suscritos por el <strong>Poder Ejecutivo, Gobierno Regional, Gobiernos locales<\/strong>, representantes y l\u00edderes de organizaciones de base de toda la provincia cusque\u00f1a.<\/p>\n<p style=\"text-align: justify;\">Este proceso ha sido saludado por el Gobierno por su inmediatez y capacidad de consenso. La experiencia de la Mesa T\u00e9cnica se ha desarrollado en tres etapas: La primera, para debatir ejes tem\u00e1ticos con el <strong>Gobierno Nacional<\/strong>, la segunda, el debate pas\u00f3 con el <strong>Gobierno Regional<\/strong> (En ambas fases se han llevado acuerdos favorables para Chumbivilcas) y, la tercera etapa, inici\u00f3 hoy con la instalaci\u00f3n de la Mesa de Trabajo con las empresas mineras, en la cual se definir\u00e1 los convenios marco. Las reuniones ser\u00e1n diferenciadas con representantes de cada empresa minera que tiene proyectos en la provincia. <strong>Hoy se instal\u00f3 el Comit\u00e9 de Trabajo solo para la compa\u00f1\u00eda minera \u2018HudBay\u2019.<\/strong><\/p>\n<p style=\"text-align: justify;\">En la instalaci\u00f3n de esta Mesa de Trabajo, estuvo el Dr. Pedro Palomino S\u00e1nchez, en representaci\u00f3n del <strong>Ministerio de Energ\u00eda y Minas<\/strong>, el Ing. Francisco Ayala Izquierdo, de la <strong>Oficina General de Gesti\u00f3n Social<\/strong>; el Alcalde Provincial, David Vera Castillo; <strong>El Frente \u00danico de Defensa de los Intereses de Chumbilcas (FUDICH)<\/strong>, Cayo Huaytani; en representaci\u00f3n de <strong>\u2018HuyBay\u2019<\/strong>, Demetrio Rojas Quispe; adem\u00e1s representantes de instituciones estatales y l\u00edderes de organizaciones de base.<\/p>\n<p style=\"text-align: justify;\">El principal acuerdo, es la conformaci\u00f3n de un Comit\u00e9 de Trabajo que se encargar\u00e1 de revisar el tema del convenio de cooperaci\u00f3n con la empresa minera, y estar\u00e1 conformada por los Alcaldes de los 8 distritos de la Provincia, 8 representantes de los Frentes de Defensa, 2 representantes de instituciones p\u00fablicas, 2 Regidores provinciales, 1 representante de la Liga Agraria, 1 representante de la Asociaci\u00f3n de Mujeres y la representaci\u00f3n de \u2018Hudbay\u2019. En un plazo de cinco d\u00edas, la Coordinaci\u00f3n Colegiada har\u00e1 saber los nombres de las y los acreditados.<\/p>\n<p style=\"text-align: justify;\">Aunque los m\u00e1s de <strong>700 millones<\/strong> parezcan inalcanzables de parte del Estado, esperemos que esta vez las empresas mineras escuchen los reclamos, exigencias y necesidades de la poblaci\u00f3n Chumbivilcana, que a pesar de tener en su territorio importantes proyectos extractivos no alcanza el desarrollo que merece.<\/p>\n<h3><strong>Datos:<\/strong><\/h3>\n<p>*La Pr\u00f3xima sesi\u00f3n se realizar\u00e1 el <strong>20 y 21 de julio<\/strong><\/p>\n<p>*Para ma\u00f1ana -16 de Junio, ser\u00e1 instalar\u00e1 el grupo de trabajo con la compa\u00f1\u00eda <strong>\u2018MMG Las Bambas\u2019<\/strong><\/p>","protected":false},"excerpt":{"rendered":"<p>Como se recuerda, el pasado 17 de marzo, se firmaron los acuerdos de la Mesa T\u00e9cnica para el desarrollo de la Provincia de Chumbivilcas, apostando por un monto superior a los 2 mil 700 millones de soles distribuidos en 145 proyectos para diferentes sectores: Transportes, Educaci\u00f3n, Salud, etc. Los acuerdos fueron suscritos por el Poder [&hellip;]<\/p>\n","protected":false},"author":1,"featured_media":5079,"comment_status":"closed","ping_status":"open","sticky":false,"template":"","format":"standard","meta":{"_monsterinsights_skip_tracking":false,"_monsterinsights_sitenote_active":false,"_monsterinsights_sitenote_note":"","_monsterinsights_sitenote_category":0,"_jetpack_memberships_contains_paid_content":false,"footnotes":"","jetpack_publicize_message":"","jetpack_publicize_feature_enabled":true,"jetpack_social_post_already_shared":false,"jetpack_social_options":{"image_generator_settings":{"template":"highway","default_image_id":0,"font":"","enabled":false},"version":2}},"categories":[1],"tags":[],"class_list":["post-5078","post","type-post","status-publish","format-standard","has-post-thumbnail","hentry","category-sin-categoria"],"blocksy_meta":[],"jetpack_publicize_connections":[],"jetpack_featured_media_url":"https:\/\/derechosinfronteras.pe\/wp-content\/uploads\/2017\/06\/Mesa-Chumbi-e1497566736620.jpg","jetpack_sharing_enabled":true,"jetpack_likes_enabled":true,"_links":{"self":[{"href":"https:\/\/derechosinfronteras.pe\/ingles\/wp-json\/wp\/v2\/posts\/5078","targetHints":{"allow":["GET"]}}],"collection":[{"href":"https:\/\/derechosinfronteras.pe\/ingles\/wp-json\/wp\/v2\/posts"}],"about":[{"href":"https:\/\/derechosinfronteras.pe\/ingles\/wp-json\/wp\/v2\/types\/post"}],"author":[{"embeddable":true,"href":"https:\/\/derechosinfronteras.pe\/ingles\/wp-json\/wp\/v2\/users\/1"}],"replies":[{"embeddable":true,"href":"https:\/\/derechosinfronteras.pe\/ingles\/wp-json\/wp\/v2\/comments?post=5078"}],"version-history":[{"count":0,"href":"https:\/\/derechosinfronteras.pe\/ingles\/wp-json\/wp\/v2\/posts\/5078\/revisions"}],"wp:featuredmedia":[{"embeddable":true,"href":"https:\/\/derechosinfronteras.pe\/ingles\/wp-json\/wp\/v2\/media\/5079"}],"wp:attachment":[{"href":"https:\/\/derechosinfronteras.pe\/ingles\/wp-json\/wp\/v2\/media?parent=5078"}],"wp:term":[{"taxonomy":"category","embeddable":true,"href":"https:\/\/derechosinfronteras.pe\/ingles\/wp-json\/wp\/v2\/categories?post=5078"},{"taxonomy":"post_tag","embeddable":true,"href":"https:\/\/derechosinfronteras.pe\/ingles\/wp-json\/wp\/v2\/tags?post=5078"}],"curies":[{"name":"wp","href":"https:\/\/api.w.org\/{rel}","templated":true}]}}