{"id":5080,"date":"2017-06-15T11:43:34","date_gmt":"2017-06-15T16:43:34","guid":{"rendered":"http:\/\/derechosinfronteras.pe\/?p=2582"},"modified":"2023-12-28T20:54:26","modified_gmt":"2023-12-29T01:54:26","slug":"chumbivilcas-caso-zenaida-huamani-un-ano-de-incertidumbre","status":"publish","type":"post","link":"https:\/\/derechosinfronteras.pe\/ingles\/chumbivilcas-caso-zenaida-huamani-un-ano-de-incertidumbre\/","title":{"rendered":"#Chumbivilcas: Caso Zenaida Huaman\u00ed, un a\u00f1o de incertidumbre"},"content":{"rendered":"<p><strong>Por Clotilde Flores \u00a0 \u00a0 \u00a0 \u00a0 \u00a0 \u00a0 \u00a0 \u00a0 \u00a0 \u00a0 \u00a0 \u00a0 \u00a0 \u00a0 \u00a0 \u00a0 \u00a0 \u00a0 \u00a0 \u00a0 \u00a0 \u00a0 \u00a0 \u00a0 \u00a0 \u00a0 \u00a0 \u00a0 \u00a0 \u00a0 \u00a0 \u00a0 \u00a0 \u00a0 \u00a0 \u00a0 \u00a0 \u00a0 \u00a0 \u00a0 \u00a0 \u00a0 \u00a0 \u00a0 \u00a0 \u00a0 \u00a0 \u00a0 \u00a0 \u00a0 \u00a0 \u00a0 \u00a0 \u00a0 \u00a0 \u00a0 \u00a0 \u00a0 \u00a0 \u00a0 \u00a0 \u00a0 \u00a0 \u00a0 \u00a0 \u00a0 \u00a0 \u00a0 \u00a0 \u00a0 \u00a0 \u00a0 \u00a0 \u00a0 \u00a0 \u00a0 \u00a0 \u00a0\u00c1rea Legal \u2013 DHSF Cusco<\/strong><\/p>\n<p style=\"text-align: justify;\">El 13 de abril se cumpli\u00f3 un a\u00f1o desde que encontraron el cuerpo sin vida de la docente <strong>Chumbivilcana Mar\u00eda Zenaida Huaman\u00ed Vega<\/strong>, en las instalaciones del hostal \u201cFory Fay\u201d, en <strong>Mollendo, \u00a0Arequipa<\/strong>, en esa fecha Zenaida bordeaba los 33 a\u00f1os y ten\u00eda una hija de apenas 6 d\u00edas de nacida.\u00a0 Debido a los elementos encontrados en la habitaci\u00f3n del hostal, tales como un envase pl\u00e1stico, veneno para ratas y botellas de gaseosa con su contenido a la mitad, se presumi\u00f3 que se trataba de un <strong>suicidio<\/strong>; sin embargo, y por denuncia de la familia de Zenaida, el caso no terminaba all\u00ed, debido a los antecedentes de violencia y maltrato que Zenaida hab\u00eda recibido por parte del padre de su hija, <strong>Daniel Charres Choque.<\/strong><\/p>\n<p style=\"text-align: justify;\">El extra\u00f1o comportamiento de Charres ha generado la convicci\u00f3n en la familia de la profesora que \u00e9ste sujeto la <strong>habr\u00eda instigado al suicidio<\/strong>. Ello debido a que el d\u00eda 11 de abril del a\u00f1o 2016, \u00faltima vez en el que se vio con vida a Zenaida, Daniel Charres acudi\u00f3 con ella para registrar a la menor ante la RENIEC y luego, seg\u00fan su declaraci\u00f3n, se habr\u00eda quedado toda la tarde cuidando de su menor hija mientras Zenaida acud\u00eda al encuentro de su hermano menor a las dos y media de la tarde, no llegando a contactarla desde \u00e9se momento hasta que el d\u00eda 13 de abril que es notificado por una compa\u00f1era de trabajo de la muerte de Zenaida.<\/p>\n<p style=\"text-align: justify;\">Un testigo afirma haberse encontrado con Zenaida alrededor de las cuatro y media de la tarde del d\u00eda 11, en la intersecci\u00f3n de las avenidas <strong>Paucarpata con Independencia, Arequipa<\/strong>, y tan pronto como la salud\u00f3 not\u00f3 el nerviosismo y preocupaci\u00f3n de Zenaida, quien mencion\u00f3 que le hab\u00edan quitado a su hija y estaban viniendo por ella; momento en el cual el testigo afirma que Daniel Charres se acerc\u00f3 a ella y jal\u00e1ndola de la ropa la condujo hasta un taxi blanco sin ruta determinada. Horas despu\u00e9s cerca de las 10 de la noche, la c\u00e1mara de seguridad en el hostal \u201cFory Fay\u201d registraba la imagen de Zenaida ingresando al local y solicitando una habitaci\u00f3n. Su comportamiento al mirar de forma reiterada hacia atr\u00e1s, ha sido interpretado por su familia que ella podr\u00eda haber sido forzada a entrar en el lugar.<\/p>\n<p style=\"text-align: justify;\">No se supo de ella hasta el d\u00eda 13 de abril en horas de la ma\u00f1ana, cuando la due\u00f1a del hostal notific\u00f3 a la polic\u00eda sobre el hallazgo del cuerpo. Mientras tanto Daniel Charres casi a la misma hora interpon\u00eda una denuncia verbal por abandono de hogar en contra de Zenaida.<\/p>\n<p style=\"text-align: justify;\">Pese a los testimonios de familiares y compa\u00f1eros de Zenaida, Daniel niega rotundamente que haya discutido o peleado con ella afirmando que ambos habr\u00edan tenido una relaci\u00f3n pac\u00edfica desde el a\u00f1o 2013, todo lo contrario a las afirmaciones que lo han mostrado como una persona posesiva, agresiva y sumamente celosa que atent\u00f3 contra la vida de Zenaida en reiteradas ocasiones, incluso cuando ella estaba en periodo de gestaci\u00f3n, provoc\u00e1ndole dos amenazas de aborto.<\/p>\n<p style=\"text-align: justify;\">\n El caso de Zenaida ha conmocionado a la provincia de Chumbivilcas, pues fue una docente muy querida y una de las lideresas m\u00e1s notables del SUTEP.\n<p style=\"text-align: justify;\">\n<p style=\"text-align: justify;\">Al respecto la fiscal\u00eda corporativa penal de la provincia de Islay, Arequipa, inici\u00f3 una investigaci\u00f3n por insistencia de la familia de Zenaida, pero esta tiene serias deficiencias y omisiones, como que en la necropsia practicada al cuerpo de Zenaida <strong>se han encontrado lesiones y hematomas en sus extremidades inferiores<\/strong> y no se hayan considerado como parte de la investigaci\u00f3n; por otro lado el examen toxicol\u00f3gico realizado a las muestras g\u00e1stricas de la v\u00edctima no se contrastaron adecuadamente llegando al colmo de terminar las muestras descartando todos los t\u00f3xicos posibles menos los encontrados en la escena al momento del levantamiento del cuerpo, entre otras observaciones. <strong>Por consiguiente no hay certeza de que la muerte haya sido producto de un suicidio <\/strong>quedando pendiente la resoluci\u00f3n del caso; sin embargo el Fiscal ha intentado archivar la investigaci\u00f3n.<\/p>\n<p style=\"text-align: justify;\">A la fecha Daniel ha rehuido al examen sicol\u00f3gico que dictamin\u00f3 el fiscal y muy por el contrario ha realizado todos los tr\u00e1mites necesarios para hacerse de los bienes de Zenaida, por intermedio de su menor hija, a quien dicho sea de paso no ha permitido sea visitada por su abuela y t\u00edos maternos y que por ley ser\u00eda heredera de todos los bienes materiales de Zenaida, incluyendo el dinero recibido por ser afectada de la miner\u00eda.<\/p>\n<p style=\"text-align: justify;\"><strong>Agripina Vega Rimache, madre de Zenaida<\/strong>, ha iniciado la lucha para determinar lo que realmente le sucedi\u00f3 a su hija. <strong>Desde Chumbivilcas, Regidores, Instituciones y Docentes<\/strong> la est\u00e1n apoyando en presionar a las autoridades en seguir investigando.\u00a0 El caso de Zenaida ha conmocionado a la provincia de Chumbivilcas, pues <strong>fue una docente muy querida y una de las lideresas m\u00e1s notables del SUTEP<\/strong>. Desde nuestra instituci\u00f3n nos unimos a esta lucha y estaremos atentos a las investigaciones.<\/p>","protected":false},"excerpt":{"rendered":"<p>Por Clotilde Flores \u00a0 \u00a0 \u00a0 \u00a0 \u00a0 \u00a0 \u00a0 \u00a0 \u00a0 \u00a0 \u00a0 \u00a0 \u00a0 \u00a0 \u00a0 \u00a0 \u00a0 \u00a0 \u00a0 \u00a0 \u00a0 \u00a0 \u00a0 \u00a0 \u00a0 \u00a0 \u00a0 \u00a0 \u00a0 \u00a0 \u00a0 \u00a0 \u00a0 \u00a0 \u00a0 \u00a0 \u00a0 \u00a0 \u00a0 \u00a0 \u00a0 \u00a0 \u00a0 \u00a0 \u00a0 \u00a0 \u00a0 \u00a0 \u00a0 \u00a0 \u00a0 \u00a0 [&hellip;]<\/p>\n","protected":false},"author":1,"featured_media":0,"comment_status":"closed","ping_status":"open","sticky":false,"template":"","format":"standard","meta":{"_monsterinsights_skip_tracking":false,"_monsterinsights_sitenote_active":false,"_monsterinsights_sitenote_note":"","_monsterinsights_sitenote_category":0,"_jetpack_memberships_contains_paid_content":false,"footnotes":"","jetpack_publicize_message":"","jetpack_publicize_feature_enabled":true,"jetpack_social_post_already_shared":false,"jetpack_social_options":{"image_generator_settings":{"template":"highway","default_image_id":0,"font":"","enabled":false},"version":2}},"categories":[1],"tags":[],"class_list":["post-5080","post","type-post","status-publish","format-standard","hentry","category-sin-categoria"],"blocksy_meta":[],"jetpack_publicize_connections":[],"jetpack_featured_media_url":"","jetpack_sharing_enabled":true,"jetpack_likes_enabled":true,"_links":{"self":[{"href":"https:\/\/derechosinfronteras.pe\/ingles\/wp-json\/wp\/v2\/posts\/5080","targetHints":{"allow":["GET"]}}],"collection":[{"href":"https:\/\/derechosinfronteras.pe\/ingles\/wp-json\/wp\/v2\/posts"}],"about":[{"href":"https:\/\/derechosinfronteras.pe\/ingles\/wp-json\/wp\/v2\/types\/post"}],"author":[{"embeddable":true,"href":"https:\/\/derechosinfronteras.pe\/ingles\/wp-json\/wp\/v2\/users\/1"}],"replies":[{"embeddable":true,"href":"https:\/\/derechosinfronteras.pe\/ingles\/wp-json\/wp\/v2\/comments?post=5080"}],"version-history":[{"count":2,"href":"https:\/\/derechosinfronteras.pe\/ingles\/wp-json\/wp\/v2\/posts\/5080\/revisions"}],"predecessor-version":[{"id":7096,"href":"https:\/\/derechosinfronteras.pe\/ingles\/wp-json\/wp\/v2\/posts\/5080\/revisions\/7096"}],"wp:attachment":[{"href":"https:\/\/derechosinfronteras.pe\/ingles\/wp-json\/wp\/v2\/media?parent=5080"}],"wp:term":[{"taxonomy":"category","embeddable":true,"href":"https:\/\/derechosinfronteras.pe\/ingles\/wp-json\/wp\/v2\/categories?post=5080"},{"taxonomy":"post_tag","embeddable":true,"href":"https:\/\/derechosinfronteras.pe\/ingles\/wp-json\/wp\/v2\/tags?post=5080"}],"curies":[{"name":"wp","href":"https:\/\/api.w.org\/{rel}","templated":true}]}}