{"id":5081,"date":"2016-11-17T10:00:54","date_gmt":"2016-11-17T15:00:54","guid":{"rendered":"http:\/\/derechosinfronteras.pe\/?p=2105"},"modified":"2016-11-17T10:00:54","modified_gmt":"2016-11-17T15:00:54","slug":"machu-picchu-pueblo-entra-en-un-paro-indefinido","status":"publish","type":"post","link":"https:\/\/derechosinfronteras.pe\/ingles\/machu-picchu-pueblo-entra-en-un-paro-indefinido\/","title":{"rendered":"Machu Picchu pueblo entra en un paro indefinido"},"content":{"rendered":"<ul>\n<li><em>Medida se realiza frente a las p\u00e9simas condiciones en el servicio ferroviario.<\/em><\/li>\n<\/ul>\n<p>Ante la falta de soluciones por parte del gobierno central y de la empresa ferroviaria PeruRail, el d\u00eda de ayer, los pobladores del distrito de Machu Picchu pueblo decidieron iniciar una huelga indefinida hasta que a la zona lleguen representantes de alto nivel del Ejecutivo.<\/p>\n<p>Ayer martes a las cuatro de la tarde, \u00d3scar Valencia, secretario general del Frente de Defensa de los Intereses de Machu Picchu y exalcalde distrital, convoc\u00f3 a una reuni\u00f3n en la plaza Manco C\u00e1pac para consultar a la ciudadan\u00eda sobre qu\u00e9 posici\u00f3n tomar frente a la medida que vienen acatando: Los pobladores decidieron entonces,\u00a0 iniciar una medida de fuerza indefinida.<\/p>\n<p><a href=\"http:\/\/derechosinfronteras.pe\/wp-content\/uploads\/2016\/11\/15109359_1706552752995519_776278678650275938_n.jpg\" rel=\"attachment wp-att-2106\"><img fetchpriority=\"high\" decoding=\"async\" class=\"aligncenter size-full wp-image-2106\" src=\"http:\/\/derechosinfronteras.pe\/wp-content\/uploads\/2016\/11\/15109359_1706552752995519_776278678650275938_n.jpg\" alt=\"15109359_1706552752995519_776278678650275938_n\" width=\"526\" height=\"394\" \/><\/a><\/p>\n<p>Asimismo, \u00a0el alcalde de Machu Picchu, Delman David Gayoso Garc\u00eda, inform\u00f3 que en la ciudad de Cusco sostuvo reuniones con el jefe de la Oficina Nacional de Di\u00e1logo y Sostenibilidad (ONDS) de la PCM, Rolando Luque, y con la congresista cusque\u00f1a Nelly Cuadros. \u201cResponsabilizamos al Ejecutivo por no atender el justo reclamo del pueblo de Machu Picchu, que est\u00e1 esperando. A Machu Picchu se le respeta\u201d, public\u00f3 la autoridad edil en su cuenta de Facebook.<\/p>\n<p>Desde la ONDS &#8211; PCM\u00a0 no se ha emitido documento alguno que informe las propuestas que se est\u00e1n elaborando para solucionar la protesta en Machu Picchu.<\/p>\n<p>La presencia de turistas ya es casi nula. Fernando Astete, jefe del Parque Arqueol\u00f3gico de Machu Picchu, inform\u00f3 que el d\u00eda de ayer se recibi\u00f3 un promedio de 350 turistas, cuando en un d\u00eda normal se reciben cerca de 4.000. Asimismo la empresa ferroviaria Per\u00faRail emiti\u00f3 un comunicado especificando la suspensi\u00f3n de sus servicios a partir de hoy y aclar\u00f3 que realizaran las acciones necesarias para salvaguardar la seguridad de sus clientes TURISTAS- siendo ajeno al problema de ra\u00edz, los malos servicios que brinda a los residentes de Machu Picchu Pueblo.<\/p>\n<p><a href=\"http:\/\/derechosinfronteras.pe\/wp-content\/uploads\/2016\/11\/15032807_1616142711745184_7930745701421987591_n.jpg\" rel=\"attachment wp-att-2107\"><img decoding=\"async\" class=\"aligncenter size-full wp-image-2107\" src=\"http:\/\/derechosinfronteras.pe\/wp-content\/uploads\/2016\/11\/15032807_1616142711745184_7930745701421987591_n.jpg\" alt=\"15032807_1616142711745184_7930745701421987591_n\" width=\"474\" height=\"768\" \/><\/a><\/p>\n<p>La poblaci\u00f3n de Machu Pichu pueblo exige en su medida de lucha, se les otorgue mejores condiciones de viaje a los pasajeros locales en la empresa ferroviaria Per\u00faRail, seg\u00fan manifiestan, ellos tienen que desplazarse en condiciones no adecuadas hasta la ciudad del Cusco, exigen tambi\u00e9n que se desista de la construcci\u00f3n de un Centro de Interpretaci\u00f3n.<\/p>\n<p><strong>Enfrentamientos<\/strong><\/p>\n<p>Ayer en horas de la ma\u00f1ana, un grupo de manifestantes intent\u00f3 cruzar dos veces el cerco policial para llegar al sector conocido como Puente Ruinas, por donde se inicia el ascenso al Santuario de Machu Picchu. En ambos casos fueron reprimidos por la Polic\u00eda con gases lacrim\u00f3genos. No se reportaron detenidos, pero un agente de la PNP termin\u00f3 con una contusi\u00f3n en la nariz y varios pobladores resultaron heridos.<\/p>\n<p>Tras el enfrentamiento, los dirigentes sostuvieron una reuni\u00f3n con el fiscal de prevenci\u00f3n del delito de Cusco, Eduardo Poblete, quien les explic\u00f3 nuevamente que su medida de fuerza es ilegal por no contar con el visto bueno de la Oficina Nacional de Gobierno Interior (ONAGI). Al final, los pobladores aceptaron la prohibici\u00f3n de llegar hasta el Puente Ruinas.<\/p>\n<p>La medida tambi\u00e9n es acatada por algunos cusque\u00f1os y residentes de Machu Picchu en la estaci\u00f3n de tren ubicado en San Pedro, ellos manifiestan que el trato\u00a0 de la empresa Per\u00faRail es efectivamente inhumana, adem\u00e1s que la empresa muestra preferencias al turista extranjero y maltratan a los usuarios locales.<\/p>\n<p><a href=\"http:\/\/derechosinfronteras.pe\/wp-content\/uploads\/2016\/11\/15068887_1706621806321947_3990123186390085070_o.jpg\" rel=\"attachment wp-att-2108\"><img decoding=\"async\" class=\"aligncenter size-full wp-image-2108\" src=\"http:\/\/derechosinfronteras.pe\/wp-content\/uploads\/2016\/11\/15068887_1706621806321947_3990123186390085070_o.jpg\" alt=\"15068887_1706621806321947_3990123186390085070_o\" width=\"768\" height=\"432\" \/><\/a><\/p>\n<p>En estos momentos se viene realizando una asamblea, para definir si se brinda una tregua e iniciar conversaciones con el gobierno central.<\/p>\n<p><strong><em>Fuente: RPP Noticias.<\/em><\/strong><\/p>\n<p><strong><em>Fotos: Rodolfo Daza\/ Facebook Gobierno Municipal de Machupicchu.<br \/>\n<\/em><\/strong><\/p>","protected":false},"excerpt":{"rendered":"<p>Medida se realiza frente a las p\u00e9simas condiciones en el servicio ferroviario. Ante la falta de soluciones por parte del gobierno central y de la empresa ferroviaria PeruRail, el d\u00eda de ayer, los pobladores del distrito de Machu Picchu pueblo decidieron iniciar una huelga indefinida hasta que a la zona lleguen representantes de alto nivel [&hellip;]<\/p>\n","protected":false},"author":1,"featured_media":5082,"comment_status":"closed","ping_status":"open","sticky":false,"template":"","format":"standard","meta":{"_monsterinsights_skip_tracking":false,"_monsterinsights_sitenote_active":false,"_monsterinsights_sitenote_note":"","_monsterinsights_sitenote_category":0,"_jetpack_memberships_contains_paid_content":false,"footnotes":"","jetpack_publicize_message":"","jetpack_publicize_feature_enabled":true,"jetpack_social_post_already_shared":false,"jetpack_social_options":{"image_generator_settings":{"template":"highway","default_image_id":0,"font":"","enabled":false},"version":2}},"categories":[1],"tags":[],"class_list":["post-5081","post","type-post","status-publish","format-standard","has-post-thumbnail","hentry","category-sin-categoria"],"blocksy_meta":[],"jetpack_publicize_connections":[],"jetpack_featured_media_url":"https:\/\/derechosinfronteras.pe\/wp-content\/uploads\/2016\/11\/Huelga-Indefinida-Machupicchu-1024x683-1.jpg","jetpack_sharing_enabled":true,"jetpack_likes_enabled":true,"_links":{"self":[{"href":"https:\/\/derechosinfronteras.pe\/ingles\/wp-json\/wp\/v2\/posts\/5081","targetHints":{"allow":["GET"]}}],"collection":[{"href":"https:\/\/derechosinfronteras.pe\/ingles\/wp-json\/wp\/v2\/posts"}],"about":[{"href":"https:\/\/derechosinfronteras.pe\/ingles\/wp-json\/wp\/v2\/types\/post"}],"author":[{"embeddable":true,"href":"https:\/\/derechosinfronteras.pe\/ingles\/wp-json\/wp\/v2\/users\/1"}],"replies":[{"embeddable":true,"href":"https:\/\/derechosinfronteras.pe\/ingles\/wp-json\/wp\/v2\/comments?post=5081"}],"version-history":[{"count":0,"href":"https:\/\/derechosinfronteras.pe\/ingles\/wp-json\/wp\/v2\/posts\/5081\/revisions"}],"wp:featuredmedia":[{"embeddable":true,"href":"https:\/\/derechosinfronteras.pe\/ingles\/wp-json\/wp\/v2\/media\/5082"}],"wp:attachment":[{"href":"https:\/\/derechosinfronteras.pe\/ingles\/wp-json\/wp\/v2\/media?parent=5081"}],"wp:term":[{"taxonomy":"category","embeddable":true,"href":"https:\/\/derechosinfronteras.pe\/ingles\/wp-json\/wp\/v2\/categories?post=5081"},{"taxonomy":"post_tag","embeddable":true,"href":"https:\/\/derechosinfronteras.pe\/ingles\/wp-json\/wp\/v2\/tags?post=5081"}],"curies":[{"name":"wp","href":"https:\/\/api.w.org\/{rel}","templated":true}]}}