{"id":5086,"date":"2016-11-15T17:16:02","date_gmt":"2016-11-15T22:16:02","guid":{"rendered":"http:\/\/derechosinfronteras.pe\/?p=2099"},"modified":"2016-11-15T17:16:02","modified_gmt":"2016-11-15T22:16:02","slug":"chumbivilcas-mesa-tecnica-para-el-desarrollo-de-la-provincia-logro-establecer-cronograma-de-acciones","status":"publish","type":"post","link":"https:\/\/derechosinfronteras.pe\/ingles\/chumbivilcas-mesa-tecnica-para-el-desarrollo-de-la-provincia-logro-establecer-cronograma-de-acciones\/","title":{"rendered":"Chumbivilcas: \u201cMESA T\u00c9CNICA PARA EL DESARROLLO DE LA PROVINCIA\u00bb logr\u00f3 establecer cronograma de acciones"},"content":{"rendered":"<p>Frente a los \u00faltimos acontecimientos de conflictividad y exigiendo se realice el cumplimiento de acuerdos asumidos, hoy en horas de la ma\u00f1ana en la provincia de Chumvibilcas, distrito Santo Tomas se realiz\u00f3 la segunda reuni\u00f3n de\u00a0 la \u00abMesa t\u00e9cnica para el desarrollo de Chumbivilcas\u00bb.<\/p>\n<p><strong>CONFORMACION DE LA MESA T\u00c9CNICA<\/strong><\/p>\n<p>Durante el desarrollo de la Mesa T\u00e9cnica el viceministro de Energ\u00eda y Minas, Guillermo Shino Huamani y el gerente general del GORE cusco, manifestaron su disposici\u00f3n de encaminar el desarrollo de la provincia a trav\u00e9s de esta mesa de trabajo.<\/p>\n<p>Como parte de los acuerdos se ha decidido que \u00a0todo el proceso de trabajo y di\u00e1logo\u00a0 estar\u00e1 presidida por el Ministro de Energ\u00eda y Minas y por la autoridad provincial, qui\u00e9n ya acredit\u00f3 al equipo que participar\u00e1 en la mesa t\u00e9cnica, ellos son el Abogado Eliseo Hua\u00f1ahui Sillocca, \u00a0Licenciado Milton Barrionuevo Orosco, Antrop\u00f3logo Ever Ike Molina y el Economista Edwin Contreras.<\/p>\n<p>Frente a la incorporaci\u00f3n de instituciones que ser\u00e1n consideradas para su integraci\u00f3n a la mesa t\u00e9cnica est\u00e1n: Un representante de la UGEL,\u00a0 un representante de educaci\u00f3n superior, un representante del sector salud, un representante del SUTEP y un representante de la ronda campesina.<\/p>\n<p><a href=\"http:\/\/derechosinfronteras.pe\/wp-content\/uploads\/2016\/11\/15126001_1375833029102773_1198163367_o.jpg\" rel=\"attachment wp-att-2103\"><img fetchpriority=\"high\" decoding=\"async\" class=\"aligncenter size-full wp-image-2103\" src=\"http:\/\/derechosinfronteras.pe\/wp-content\/uploads\/2016\/11\/15126001_1375833029102773_1198163367_o.jpg\" alt=\"15126001_1375833029102773_1198163367_o\" width=\"659\" height=\"500\" \/><\/a><\/p>\n<p><strong>EJES TEMATICOS DE MESA T\u00c9CNICA<\/strong><\/p>\n<p>Luego del di\u00e1logo con toda la poblaci\u00f3n se consideraron cuatro puntos, los cuales\u00a0 ser\u00e1n los temas que se debatir\u00e1n durante la realizaci\u00f3n de estas mesas t\u00e9cnicas.<\/p>\n<p>1.- Miner\u00eda y medio ambiente<\/p>\n<p>2.- Salud, educaci\u00f3n y saneamiento b\u00e1sico<\/p>\n<p>3.- Desarrollo econ\u00f3mico productivo- transporte y comunicaci\u00f3n<\/p>\n<p>4.- Ordenamiento y delimitaci\u00f3n territorial.<\/p>\n<p><strong>\u00a0<\/strong><\/p>\n<p><strong>CRONOGRAMA: <\/strong><\/p>\n<table style=\"height: 511px;\" width=\"663\">\n<tbody>\n<tr>\n<td width=\"141\">\n<h5>DIA<\/h5>\n<\/td>\n<td width=\"425\">DESCRIPCION<\/td>\n<\/tr>\n<tr>\n<td width=\"141\">16 de Nov. De 2016<\/td>\n<td width=\"425\">Reuni\u00f3n de GORE-Ministerios<\/td>\n<\/tr>\n<tr>\n<td width=\"141\">17 al 25 nov<\/td>\n<td width=\"425\">Reuni\u00f3n con Ministerios, Municipios y sociedad civil<\/td>\n<\/tr>\n<tr>\n<td width=\"141\">27 de Nov. De 2016<\/td>\n<td width=\"425\">Primer borrador de documento<\/td>\n<\/tr>\n<tr>\n<td width=\"141\">28 de Nov. De 2016<\/td>\n<td width=\"425\">Validaci\u00f3n con municipios y sociedad civil<\/td>\n<\/tr>\n<tr>\n<td width=\"141\">01\u00a0 Diciembre 2016<\/td>\n<td width=\"425\">Exposici\u00f3n del primer Avance<\/td>\n<\/tr>\n<tr>\n<td width=\"141\">15 Diciembre 2016<\/td>\n<td width=\"425\">Validaci\u00f3n e documento final<\/td>\n<\/tr>\n<tr>\n<td width=\"141\">19 Diciembre 2016<\/td>\n<td width=\"425\">Presentaci\u00f3n oficial al GORE CUSCO y Municipios de la provincia,<\/td>\n<\/tr>\n<\/tbody>\n<\/table>\n<p>&nbsp;<\/p>\n<p><strong>Un dato<\/strong><\/p>\n<p>La provincia\u00a0 de Chumbivilcas se encuentra concesionada en un 97.10 por ciento; una realidad complicada que esta \u00faltima semana ha saltado a la luz, en un extremo el distrito de Chamaca tom\u00f3 las instalaciones de la empresa Hudbay y por el otro lado el distrito de Qui\u00f1ota tambi\u00e9n iniciaba una serie de acciones cuestionando a la empresa minera Anabi S.A.C.<\/p>\n<p>Tras d\u00edas de paro indefinido, el d\u00eda de hoy se abre la posibilidad del di\u00e1logo, con los \u00e1nimos que esta vez se concreten los acuerdos establecidos y asumidos por representantes del gobierno central, regional y local.<\/p>\n<p><strong>Las autoridades y representantes que participaron<\/strong><\/p>\n<p>En esta Mesa T\u00e9cnica participaron el viceministro de Energ\u00eda y Minas, Guillermo Shinno; el representante del OEFA, Andr\u00e9s Escudero, del Ministerio de Vivienda Construcci\u00f3n y Saneamiento el se\u00f1or V\u00edctor Arag\u00f3n; por parte del Ministerio de Agricultura estuvo Jos\u00e9 Kobashigawa y como representante del Ministerio de Transportes y Comunicaciones, \u00a0Jos\u00e9 Aguirre.<\/p>\n<p>Asimismo se hicieron presente al distrito de Santo Tomas Pastor Paredes de la Oficina Nacional de Di\u00e1logo y Sostenibilidad- PCM;\u00a0 Jos\u00e9 Re\u00e1tegui y Edgar Fuentes de la \u00a0Defensor\u00eda del Pueblo; Rosa Emperatriz Santa Cruz, Direcci\u00f3n de Gesti\u00f3n Social del MINEM Fernando Castillo.<\/p>\n<p>Por el gobierno regional estuvieron el Gerente General Eduardo Sanz, Consejero Regional Jaime Gamarra, el representante de la comisi\u00f3n de Energ\u00eda y Minas del Congreso de la Rep\u00fablica, Sra. Sandra Chavarr\u00eda Lazo, Alcalde de la Municipalidad Provincial de Chumbivilcas, alcaldes distritales, Presidente del Frente de Defensa de los Intereses de Chumbivilcas\u00a0 y dirigentes de los Frentes de defensa distritales y organizaciones sociales de base.<\/p>\n<p><a href=\"http:\/\/derechosinfronteras.pe\/wp-content\/uploads\/2016\/11\/15094510_1375672005785542_6499320574780662978_n-1.jpg\" rel=\"attachment wp-att-2102\"><img decoding=\"async\" class=\"aligncenter size-full wp-image-2102\" src=\"http:\/\/derechosinfronteras.pe\/wp-content\/uploads\/2016\/11\/15094510_1375672005785542_6499320574780662978_n-1.jpg\" alt=\"15094510_1375672005785542_6499320574780662978_n\" width=\"667\" height=\"500\" \/><\/a><\/p>\n<p><strong>Derechos Humanos Sin Fronteras.<\/strong><\/p>","protected":false},"excerpt":{"rendered":"<p>Frente a los \u00faltimos acontecimientos de conflictividad y exigiendo se realice el cumplimiento de acuerdos asumidos, hoy en horas de la ma\u00f1ana en la provincia de Chumvibilcas, distrito Santo Tomas se realiz\u00f3 la segunda reuni\u00f3n de\u00a0 la \u00abMesa t\u00e9cnica para el desarrollo de Chumbivilcas\u00bb. CONFORMACION DE LA MESA T\u00c9CNICA Durante el desarrollo de la Mesa [&hellip;]<\/p>\n","protected":false},"author":1,"featured_media":5087,"comment_status":"closed","ping_status":"open","sticky":false,"template":"","format":"standard","meta":{"_monsterinsights_skip_tracking":false,"_monsterinsights_sitenote_active":false,"_monsterinsights_sitenote_note":"","_monsterinsights_sitenote_category":0,"_jetpack_memberships_contains_paid_content":false,"footnotes":"","jetpack_publicize_message":"","jetpack_publicize_feature_enabled":true,"jetpack_social_post_already_shared":false,"jetpack_social_options":{"image_generator_settings":{"template":"highway","default_image_id":0,"font":"","enabled":false},"version":2}},"categories":[1],"tags":[],"class_list":["post-5086","post","type-post","status-publish","format-standard","has-post-thumbnail","hentry","category-sin-categoria"],"blocksy_meta":[],"jetpack_publicize_connections":[],"jetpack_featured_media_url":"https:\/\/derechosinfronteras.pe\/wp-content\/uploads\/2016\/11\/15053202_1375832872436122_2145422924_o1.jpg","jetpack_sharing_enabled":true,"jetpack_likes_enabled":true,"_links":{"self":[{"href":"https:\/\/derechosinfronteras.pe\/ingles\/wp-json\/wp\/v2\/posts\/5086","targetHints":{"allow":["GET"]}}],"collection":[{"href":"https:\/\/derechosinfronteras.pe\/ingles\/wp-json\/wp\/v2\/posts"}],"about":[{"href":"https:\/\/derechosinfronteras.pe\/ingles\/wp-json\/wp\/v2\/types\/post"}],"author":[{"embeddable":true,"href":"https:\/\/derechosinfronteras.pe\/ingles\/wp-json\/wp\/v2\/users\/1"}],"replies":[{"embeddable":true,"href":"https:\/\/derechosinfronteras.pe\/ingles\/wp-json\/wp\/v2\/comments?post=5086"}],"version-history":[{"count":0,"href":"https:\/\/derechosinfronteras.pe\/ingles\/wp-json\/wp\/v2\/posts\/5086\/revisions"}],"wp:featuredmedia":[{"embeddable":true,"href":"https:\/\/derechosinfronteras.pe\/ingles\/wp-json\/wp\/v2\/media\/5087"}],"wp:attachment":[{"href":"https:\/\/derechosinfronteras.pe\/ingles\/wp-json\/wp\/v2\/media?parent=5086"}],"wp:term":[{"taxonomy":"category","embeddable":true,"href":"https:\/\/derechosinfronteras.pe\/ingles\/wp-json\/wp\/v2\/categories?post=5086"},{"taxonomy":"post_tag","embeddable":true,"href":"https:\/\/derechosinfronteras.pe\/ingles\/wp-json\/wp\/v2\/tags?post=5086"}],"curies":[{"name":"wp","href":"https:\/\/api.w.org\/{rel}","templated":true}]}}