{"id":5090,"date":"2016-11-15T15:01:05","date_gmt":"2016-11-15T20:01:05","guid":{"rendered":"http:\/\/derechosinfronteras.pe\/?p=2096"},"modified":"2016-11-15T15:01:05","modified_gmt":"2016-11-15T20:01:05","slug":"mesa-tecnica-para-el-desarrollo-de-chumbivilcas-se-viene-desarrollando-con-representantes-del-gobierno-central","status":"publish","type":"post","link":"https:\/\/derechosinfronteras.pe\/ingles\/mesa-tecnica-para-el-desarrollo-de-chumbivilcas-se-viene-desarrollando-con-representantes-del-gobierno-central\/","title":{"rendered":"\u00abMesa t\u00e9cnica para el desarrollo de Chumbivilcas\u00bb se viene desarrollando con representantes del gobierno central"},"content":{"rendered":"<p>Frente a los \u00faltimos acontecimientos de conflictividad y exigiendo se realice el cumplimiento de acuerdos asumidos.<\/p>\n<p>En el distrito de Santo Tomas provincia de Chumvibilcas,\u00a0 se viene ejecutando la segunda reuni\u00f3n de \u00a0la \u00abMesa t\u00e9cnica para el desarrollo de Chumbivilcas\u00bb. Mesa en la que participan representantes del gobierno nacional, Gobierno Regional del Cusco, alcaldes distritales y provincial, representantes de organizaciones sociales, representantes de las empresas mineras \u00a0HudBay, Las Bambas y Anabi S.A.C, entre otros.<\/p>\n<p>La primera reuni\u00f3n se realiz\u00f3 el 03 de noviembre, en la que se plante\u00f3 determinar el inicio de una mesa t\u00e9cnica, la cual plantear\u00eda acciones concretas para enfrentar la problem\u00e1tica de contaminaci\u00f3n debido a actividades extractivas.<\/p>\n<p><strong>Un dato<\/strong><\/p>\n<p>La provincia \u00a0de Chumbivilcas se encuentra concesionada en un 97.10 por ciento; una realidad complicada que esta \u00faltima semana ha saltado a la luz, en un extremo el distrito de Chamaca tom\u00f3 las instalaciones de la empresa Hudbay y por el otro lado el distrito de Qui\u00f1ota tambi\u00e9n iniciaba una serie de acciones cuestionando a la empresa minera Anabi S.A.C.<\/p>\n<p>Tras d\u00edas de paro indefinido, el d\u00eda de hoy se abre la posibilidad del di\u00e1logo, con \u00e1nimos que esta vez se discuta a grandes rasgos la problem\u00e1tica que la provincia de Chumbivilcas viene afrontando.<\/p>\n<p><em><strong>Derechos Humanos Sin Fronteras.<\/strong><\/em><\/p>","protected":false},"excerpt":{"rendered":"<p>Frente a los \u00faltimos acontecimientos de conflictividad y exigiendo se realice el cumplimiento de acuerdos asumidos. En el distrito de Santo Tomas provincia de Chumvibilcas,\u00a0 se viene ejecutando la segunda reuni\u00f3n de \u00a0la \u00abMesa t\u00e9cnica para el desarrollo de Chumbivilcas\u00bb. Mesa en la que participan representantes del gobierno nacional, Gobierno Regional del Cusco, alcaldes distritales [&hellip;]<\/p>\n","protected":false},"author":1,"featured_media":5091,"comment_status":"closed","ping_status":"open","sticky":false,"template":"","format":"standard","meta":{"_monsterinsights_skip_tracking":false,"_monsterinsights_sitenote_active":false,"_monsterinsights_sitenote_note":"","_monsterinsights_sitenote_category":0,"_jetpack_memberships_contains_paid_content":false,"footnotes":"","jetpack_publicize_message":"","jetpack_publicize_feature_enabled":true,"jetpack_social_post_already_shared":false,"jetpack_social_options":{"image_generator_settings":{"template":"highway","default_image_id":0,"font":"","enabled":false},"version":2}},"categories":[1],"tags":[],"class_list":["post-5090","post","type-post","status-publish","format-standard","has-post-thumbnail","hentry","category-sin-categoria"],"blocksy_meta":[],"jetpack_publicize_connections":[],"jetpack_featured_media_url":"https:\/\/derechosinfronteras.pe\/wp-content\/uploads\/2016\/11\/15094510_1375672005785542_6499320574780662978_n.jpg","jetpack_sharing_enabled":true,"jetpack_likes_enabled":true,"_links":{"self":[{"href":"https:\/\/derechosinfronteras.pe\/ingles\/wp-json\/wp\/v2\/posts\/5090","targetHints":{"allow":["GET"]}}],"collection":[{"href":"https:\/\/derechosinfronteras.pe\/ingles\/wp-json\/wp\/v2\/posts"}],"about":[{"href":"https:\/\/derechosinfronteras.pe\/ingles\/wp-json\/wp\/v2\/types\/post"}],"author":[{"embeddable":true,"href":"https:\/\/derechosinfronteras.pe\/ingles\/wp-json\/wp\/v2\/users\/1"}],"replies":[{"embeddable":true,"href":"https:\/\/derechosinfronteras.pe\/ingles\/wp-json\/wp\/v2\/comments?post=5090"}],"version-history":[{"count":0,"href":"https:\/\/derechosinfronteras.pe\/ingles\/wp-json\/wp\/v2\/posts\/5090\/revisions"}],"wp:featuredmedia":[{"embeddable":true,"href":"https:\/\/derechosinfronteras.pe\/ingles\/wp-json\/wp\/v2\/media\/5091"}],"wp:attachment":[{"href":"https:\/\/derechosinfronteras.pe\/ingles\/wp-json\/wp\/v2\/media?parent=5090"}],"wp:term":[{"taxonomy":"category","embeddable":true,"href":"https:\/\/derechosinfronteras.pe\/ingles\/wp-json\/wp\/v2\/categories?post=5090"},{"taxonomy":"post_tag","embeddable":true,"href":"https:\/\/derechosinfronteras.pe\/ingles\/wp-json\/wp\/v2\/tags?post=5090"}],"curies":[{"name":"wp","href":"https:\/\/api.w.org\/{rel}","templated":true}]}}