{"id":5092,"date":"2016-11-11T17:40:32","date_gmt":"2016-11-11T22:40:32","guid":{"rendered":"http:\/\/derechosinfronteras.pe\/?p=2090"},"modified":"2016-11-11T17:40:32","modified_gmt":"2016-11-11T22:40:32","slug":"chumbivilcas-pobladores-de-quinota-piden-el-retiro-definitivo-de-la-empresa-minera-anabi-s-a-c","status":"publish","type":"post","link":"https:\/\/derechosinfronteras.pe\/ingles\/chumbivilcas-pobladores-de-quinota-piden-el-retiro-definitivo-de-la-empresa-minera-anabi-s-a-c\/","title":{"rendered":"Chumbivilcas: Pobladores de Qui\u00f1ota piden el retiro definitivo de la empresa minera Anabi S.A.C"},"content":{"rendered":"<p>Como reflejo de la voraz pol\u00edtica extractiva que se impuso en nuestro pa\u00eds, el territorio de la provincia cusque\u00f1a de Chumbivilcas se encuentra concesionado en un 97.10 por ciento; una realidad complicada que esta semana ha saltado a la luz, en un extremo el distrito de Chamaca tom\u00f3 las instalaciones de la empresa Hudbay y por el otro lado el distrito de Qui\u00f1ota tambi\u00e9n iniciaba una serie de acciones cuestionando a la empresa minera Anabi S.A.C.<\/p>\n<p>Tras dos d\u00edas de paro indefinido, el d\u00eda de hoy el distrito de Qui\u00f1ota se convoc\u00f3 a una masiva asamblea para tomar una decisi\u00f3n frente al reiterativo incumplimiento de compromisos de la empresa minera; la comunidad originaria Alta Pallpa Pallpa, comunidad campesina Ccollana, comunidad Qui\u00f1ota y algunos sectores como Suytoco y\u00a0 Pallalla,\u00a0 decidieron \u201cexigir\u00a0 el cierre definitivo de los proyectos mineros que se encuentran en su territorio.\u201d<\/p>\n<p>Cabe resaltar que en un primer momento el distrito de Qui\u00f1ota ha estado exigiendo la implementaci\u00f3n de estrategias frente al impacto ambiental que viene provocando la actividad minera en la zona, los dirigentes indicaron que el desinter\u00e9s por el di\u00e1logo por parte de la empresa minera les ha obligado a tomar la decisi\u00f3n de exigir el cierre definitivo de las operaciones de Anabi y el proyecto minero Utunza; ambos se encuentran en etapa de construcci\u00f3n.<\/p>\n<p><a href=\"http:\/\/derechosinfronteras.pe\/wp-content\/uploads\/2016\/11\/PRONUNCIAMIENTO.png\" rel=\"attachment wp-att-2093\"><img fetchpriority=\"high\" decoding=\"async\" class=\"aligncenter size-full wp-image-2093\" src=\"http:\/\/derechosinfronteras.pe\/wp-content\/uploads\/2016\/11\/PRONUNCIAMIENTO.png\" alt=\"PRONUNCIAMIENTO\" width=\"500\" height=\"685\" \/><\/a><\/p>\n<p>Las comunidades de Qui\u00f1ota han decidido invitar a la Presidencia del Consejo de Ministros (PCM), Fernando Zavala; al Defensor del Pueblo, Walter Guti\u00e9rrez y al Gobernador Regional del Cusco, Edwin Licona Licona para el pr\u00f3ximo lunes 14 de noviembre a una Mesa de Di\u00e1logo para llegar a acuerdos frente a sus demandas.<\/p>\n<p><a href=\"http:\/\/derechosinfronteras.pe\/wp-content\/uploads\/2016\/11\/PCM.png\" rel=\"attachment wp-att-2091\"><img decoding=\"async\" class=\"aligncenter size-full wp-image-2091\" src=\"http:\/\/derechosinfronteras.pe\/wp-content\/uploads\/2016\/11\/PCM.png\" alt=\"PCM\" width=\"500\" height=\"684\" \/><\/a><\/p>\n<p><a href=\"http:\/\/derechosinfronteras.pe\/wp-content\/uploads\/2016\/11\/DEFENSORIA.png\" rel=\"attachment wp-att-2092\"><img decoding=\"async\" class=\"aligncenter size-full wp-image-2092\" src=\"http:\/\/derechosinfronteras.pe\/wp-content\/uploads\/2016\/11\/DEFENSORIA.png\" alt=\"DEFENSORIA\" width=\"500\" height=\"684\" \/><\/a><\/p>\n<p>Por otra parte se ha votado impulsar un di\u00e1logo con la localidad de Haquira (Apur\u00edmac) donde tambi\u00e9n se encuentra parte del proyecto minero, el objetivo es que\u00a0 ambas poblaciones se unan en una sola plataforma de lucha.<\/p>\n<p>La empresa minera Anabi S.A.C. present\u00f3 una solicitud de construcci\u00f3n de planta de beneficio, denominado Utunsa, la producci\u00f3n de Anabi es sobre todo de oro y plata. En la zona tambi\u00e9n existe actividad minera informal.<\/p>\n<p>Los proyectos de Anabi y Utanza se encuentran ubicados en las cabeceras de los r\u00edos Yawarmayo, Chacchani, Pacllani, Pallalla, Qollpa, la preocupaci\u00f3n sobre la contaminaci\u00f3n ambiental y los impactos causa preocupaci\u00f3n porque estos proyectos afectar\u00edan riachuelos y las lagunas de Pistoro y Ankas Qocha.<\/p>\n<p><strong>No hay vocaci\u00f3n de di\u00e1logo por parte de la empresa<\/strong><\/p>\n<p>Desde el mes de setiembre, se han realizado oficios dirigidos a la empresa minera para realizar di\u00e1logo en busca de acuerdos positivos. En entrevista con Oscar Chahua M\u00e1rquez, presidente de la Liga Agraria de Qui\u00f1ota, indic\u00f3 que el 09 de noviembre, Willian Arena Bustios representante de la empresa minera Anabi S.A.C se comprometi\u00f3 en acta a participar de una mesa t\u00e9cnica convocada para el \u00faltimo 10 de noviembre, acuerdo que no lleg\u00f3 a concretarse.<\/p>\n<p><strong>Denuncia de agresi\u00f3n policial<\/strong><\/p>\n<p>Seg\u00fan manifiesta el alcalde del distrito de Qui\u00f1ota, Prof. Calisto Ccahuana, ayer por la noche un contingente policial acompa\u00f1ados del Fiscal de turno se hicieron presentes en el lugar, cuando los efectivos se dispon\u00edan a regresar a la base, en el sector Yuroqarco\u00a0 -donde se encuentra el Proyecto de Vicu\u00f1as- agredieron al operador de oruga, Luciano Yanque Huillca manifestando que ser\u00eda uno de los impulsores de esta protesta. En estos momentos Luciano Yanque se encuentra hospitalizado en el centro de salud de Santo Tomas. La autoridad distrital est\u00e1 a la espera de sus declaraciones para posteriormente realizar la denuncia correspondiente.<\/p>\n<p>Hasta el momento los pobladores de Qui\u00f1ota contin\u00faan con su medida de lucha hasta encontrar soluciones y acuerdos con los representantes de la empresa minera Anabi S.A.C.<\/p>\n<p><strong><em>Derechos Humanos sin Fronteras.<\/em><\/strong><\/p>","protected":false},"excerpt":{"rendered":"<p>Como reflejo de la voraz pol\u00edtica extractiva que se impuso en nuestro pa\u00eds, el territorio de la provincia cusque\u00f1a de Chumbivilcas se encuentra concesionado en un 97.10 por ciento; una realidad complicada que esta semana ha saltado a la luz, en un extremo el distrito de Chamaca tom\u00f3 las instalaciones de la empresa Hudbay y [&hellip;]<\/p>\n","protected":false},"author":1,"featured_media":5093,"comment_status":"closed","ping_status":"open","sticky":false,"template":"","format":"standard","meta":{"_monsterinsights_skip_tracking":false,"_monsterinsights_sitenote_active":false,"_monsterinsights_sitenote_note":"","_monsterinsights_sitenote_category":0,"_jetpack_memberships_contains_paid_content":false,"footnotes":"","jetpack_publicize_message":"","jetpack_publicize_feature_enabled":true,"jetpack_social_post_already_shared":false,"jetpack_social_options":{"image_generator_settings":{"template":"highway","default_image_id":0,"font":"","enabled":false},"version":2}},"categories":[1],"tags":[],"class_list":["post-5092","post","type-post","status-publish","format-standard","has-post-thumbnail","hentry","category-sin-categoria"],"blocksy_meta":[],"jetpack_publicize_connections":[],"jetpack_featured_media_url":"https:\/\/derechosinfronteras.pe\/wp-content\/uploads\/2016\/11\/15002317_979177445526389_5216912991545412622_o.jpg","jetpack_sharing_enabled":true,"jetpack_likes_enabled":true,"_links":{"self":[{"href":"https:\/\/derechosinfronteras.pe\/ingles\/wp-json\/wp\/v2\/posts\/5092","targetHints":{"allow":["GET"]}}],"collection":[{"href":"https:\/\/derechosinfronteras.pe\/ingles\/wp-json\/wp\/v2\/posts"}],"about":[{"href":"https:\/\/derechosinfronteras.pe\/ingles\/wp-json\/wp\/v2\/types\/post"}],"author":[{"embeddable":true,"href":"https:\/\/derechosinfronteras.pe\/ingles\/wp-json\/wp\/v2\/users\/1"}],"replies":[{"embeddable":true,"href":"https:\/\/derechosinfronteras.pe\/ingles\/wp-json\/wp\/v2\/comments?post=5092"}],"version-history":[{"count":0,"href":"https:\/\/derechosinfronteras.pe\/ingles\/wp-json\/wp\/v2\/posts\/5092\/revisions"}],"wp:featuredmedia":[{"embeddable":true,"href":"https:\/\/derechosinfronteras.pe\/ingles\/wp-json\/wp\/v2\/media\/5093"}],"wp:attachment":[{"href":"https:\/\/derechosinfronteras.pe\/ingles\/wp-json\/wp\/v2\/media?parent=5092"}],"wp:term":[{"taxonomy":"category","embeddable":true,"href":"https:\/\/derechosinfronteras.pe\/ingles\/wp-json\/wp\/v2\/categories?post=5092"},{"taxonomy":"post_tag","embeddable":true,"href":"https:\/\/derechosinfronteras.pe\/ingles\/wp-json\/wp\/v2\/tags?post=5092"}],"curies":[{"name":"wp","href":"https:\/\/api.w.org\/{rel}","templated":true}]}}