{"id":5101,"date":"2016-11-10T12:58:11","date_gmt":"2016-11-10T17:58:11","guid":{"rendered":"http:\/\/derechosinfronteras.pe\/?p=2074"},"modified":"2016-11-10T12:58:11","modified_gmt":"2016-11-10T17:58:11","slug":"declaracion-del-foro-publico-internacional","status":"publish","type":"post","link":"https:\/\/derechosinfronteras.pe\/ingles\/declaracion-del-foro-publico-internacional\/","title":{"rendered":"DECLARACI\u00d3N DEL FORO P\u00daBLICO INTERNACIONAL"},"content":{"rendered":"<p style=\"text-align: center;\"><strong>\u00a0\u201cEXPERIENCIAS DE VIGILANCIA AMBIENTAL PARTICIPATIVAS Y POL\u00cdTICAS\u00a0P\u00daBLICAS PARA LA GESTI\u00d3N SOSTENIBLE DE LOS RECURSOS NATURALES DE AM\u00c9RICA LATINA\u201d<\/strong><\/p>\n<p>Los asistentes al Foro P\u00fablico internacional \u201cExperiencias de vigilancia ambiental participativas y pol\u00edticas p\u00fablicas para la gesti\u00f3n sostenible de los recursos naturales en Am\u00e9rica Latina\u201d realizado en la ciudad del Cusco el d\u00eda mi\u00e9rcoles 09 de noviembre del 2016, provenientes de los pa\u00edses de Colombia, Ecuador, Bolivia, y de diversas regiones andinas y amaz\u00f3nicas del Per\u00fa, nos dirigimos a la opini\u00f3n p\u00fablica peruana para manifestar lo siguiente:<\/p>\n<ol>\n<li>Planteamos la necesidad de fortalecer la institucionalidad ambiental en el Per\u00fa, devolviendo a la Oficina de Evaluaci\u00f3n y Fiscalizaci\u00f3n Ambiental \u2013 OEFA, sus funciones sancionadoras, para que ejerza los medios coercitivos necesarios para exigir a las empresas el cumplimiento de la normativa y est\u00e1ndares ambientales, a fin de evitar mayores impactos ambientales y sociales. Por ello exigimos que se discuta y apruebe el proyecto de ley presentado ante la Comisi\u00f3n de Pueblos Andinos, Amaz\u00f3nicos, Afroperuanos, Ambiente y Ecolog\u00eda del Congreso de la Rep\u00fablica.<\/li>\n<li>Fortalecer el marco de la gesti\u00f3n ambiental en el Per\u00fa, con el reconocimiento de los m\u00e1s de 30 Comit\u00e9s y organizaciones que realizan acciones de vigilancia y monitoreo ambiental participativo en nuestras regiones andinas y amaz\u00f3nicas, y los resultados que sus actividades generan, como primer eslab\u00f3n de alerta temprana dentro del sistema nacional de gesti\u00f3n ambiental. Actualmente existe una iniciativa legislativa denominada \u201cLey para la articulaci\u00f3n de la vigilancia y monitoreo ambiental ciudadano e ind\u00edgena en el sistema nacional de gesti\u00f3n ambiental\u201d que fue presentado en el Congreso de la Rep\u00fablica y que busca reconocer a estos vigilantes y monitores ambientales comunales.<\/li>\n<li>Revisar los marcos normativos y las pol\u00edticas p\u00fablicas que flexibilizan las garant\u00edas sobre territorios de las comunidades, buscando eliminarlas despoj\u00e1ndolas de sus territorios y oblig\u00e1ndolas a desplazarse, desregulando los est\u00e1ndares ambientales, y limitando la institucionalidad ambiental, que no recibe el apoyo necesario para ejercer sus limitadas funciones de fiscalizaci\u00f3n.<\/li>\n<li>Recuperar el car\u00e1cter vinculante de la Zonificaci\u00f3n Econ\u00f3mica y Ecol\u00f3gica y el Ordenamiento Territorial, como mecanismos que establezcan niveles de protecci\u00f3n a las cabeceras de cuenca, ecosistemas fr\u00e1giles generadores de recursos h\u00eddricos, y zonas de producci\u00f3n de alimentos que permitan la soberan\u00eda alimentaria para el Per\u00fa.<\/li>\n<li>El crecimiento indiscriminado y sin mayores restricciones de concesiones otorgadas para actividades extractivas, sin que adem\u00e1s haya mecanismos adecuados de participaci\u00f3n ciudadana y consulta previa, genera mayor impacto en las actividades econ\u00f3micas locales como la agricultura familiar, la que adem\u00e1s no recibe apoyo de parte de las entidades correspondientes del Estado. De esa manera nuestra econom\u00eda no se puede diversificar y sigue siendo dependiente de las actividades extractivas, sin que nuestras comunidades tengan derecho a elegir sus modos de vida.<\/li>\n<\/ol>\n<p>Esperamos que el Congreso de la Rep\u00fablica y las instancias competentes del Poder Ejecutivo, tomen en consideraci\u00f3n las preocupaciones que planteamos y acojan\u00a0 las propuestas que consideramos son importantes para lograr la prevenci\u00f3n de los conflictos sociales, una mayor participaci\u00f3n de las comunidades andinas y amaz\u00f3nicas, y con ello una mejora en la calidad de vida de las peruanas y peruanos.<\/p>\n<p>Cusco, 09 de noviembre del 2016.<\/p>","protected":false},"excerpt":{"rendered":"<p>\u00a0\u201cEXPERIENCIAS DE VIGILANCIA AMBIENTAL PARTICIPATIVAS Y POL\u00cdTICAS\u00a0P\u00daBLICAS PARA LA GESTI\u00d3N SOSTENIBLE DE LOS RECURSOS NATURALES DE AM\u00c9RICA LATINA\u201d Los asistentes al Foro P\u00fablico internacional \u201cExperiencias de vigilancia ambiental participativas y pol\u00edticas p\u00fablicas para la gesti\u00f3n sostenible de los recursos naturales en Am\u00e9rica Latina\u201d realizado en la ciudad del Cusco el d\u00eda mi\u00e9rcoles 09 de noviembre [&hellip;]<\/p>\n","protected":false},"author":1,"featured_media":0,"comment_status":"closed","ping_status":"open","sticky":false,"template":"","format":"standard","meta":{"_monsterinsights_skip_tracking":false,"_monsterinsights_sitenote_active":false,"_monsterinsights_sitenote_note":"","_monsterinsights_sitenote_category":0,"_jetpack_memberships_contains_paid_content":false,"footnotes":"","jetpack_publicize_message":"","jetpack_publicize_feature_enabled":true,"jetpack_social_post_already_shared":false,"jetpack_social_options":{"image_generator_settings":{"template":"highway","default_image_id":0,"font":"","enabled":false},"version":2}},"categories":[1],"tags":[],"class_list":["post-5101","post","type-post","status-publish","format-standard","hentry","category-sin-categoria"],"blocksy_meta":[],"jetpack_publicize_connections":[],"jetpack_featured_media_url":"","jetpack_sharing_enabled":true,"jetpack_likes_enabled":true,"_links":{"self":[{"href":"https:\/\/derechosinfronteras.pe\/ingles\/wp-json\/wp\/v2\/posts\/5101","targetHints":{"allow":["GET"]}}],"collection":[{"href":"https:\/\/derechosinfronteras.pe\/ingles\/wp-json\/wp\/v2\/posts"}],"about":[{"href":"https:\/\/derechosinfronteras.pe\/ingles\/wp-json\/wp\/v2\/types\/post"}],"author":[{"embeddable":true,"href":"https:\/\/derechosinfronteras.pe\/ingles\/wp-json\/wp\/v2\/users\/1"}],"replies":[{"embeddable":true,"href":"https:\/\/derechosinfronteras.pe\/ingles\/wp-json\/wp\/v2\/comments?post=5101"}],"version-history":[{"count":0,"href":"https:\/\/derechosinfronteras.pe\/ingles\/wp-json\/wp\/v2\/posts\/5101\/revisions"}],"wp:attachment":[{"href":"https:\/\/derechosinfronteras.pe\/ingles\/wp-json\/wp\/v2\/media?parent=5101"}],"wp:term":[{"taxonomy":"category","embeddable":true,"href":"https:\/\/derechosinfronteras.pe\/ingles\/wp-json\/wp\/v2\/categories?post=5101"},{"taxonomy":"post_tag","embeddable":true,"href":"https:\/\/derechosinfronteras.pe\/ingles\/wp-json\/wp\/v2\/tags?post=5101"}],"curies":[{"name":"wp","href":"https:\/\/api.w.org\/{rel}","templated":true}]}}