{"id":5102,"date":"2016-11-10T11:14:34","date_gmt":"2016-11-10T16:14:34","guid":{"rendered":"http:\/\/derechosinfronteras.pe\/?p=2076"},"modified":"2016-11-10T11:14:34","modified_gmt":"2016-11-10T16:14:34","slug":"pobladores-de-quinota-esperan-la-instalacion-de-la-mesa-de-dialogo-con-representantes-de-empresa-minera-anabi-sac","status":"publish","type":"post","link":"https:\/\/derechosinfronteras.pe\/ingles\/pobladores-de-quinota-esperan-la-instalacion-de-la-mesa-de-dialogo-con-representantes-de-empresa-minera-anabi-sac\/","title":{"rendered":"Pobladores de Qui\u00f1ota esperan la instalaci\u00f3n de la Mesa de Di\u00e1logo con representantes de empresa minera Anabi S.A.C"},"content":{"rendered":"<p>En el distrito de Qui\u00f1ota en la provincia de Chumbivilcas, los pobladores iniciaron una paralizaci\u00f3n masiva indefinida contra la empresa minera\u00a0 Anabi SAC.<\/p>\n<p>La medida de fuerza inicio el d\u00eda de ayer 9 de noviembre, alrededor de 500 pobladores de Pumallacta, Collona y el distrito de Qui\u00f1ota tomaron las instalaciones de la mina, con piquetes en la v\u00eda de ingreso y salida hacia Qui\u00f1ota. Ellos demandan que se cumpla con los acuerdos establecidos en el Estudio de Impacto Ambiental (EIA), asimismo que se implementen estrategias frente a la contaminaci\u00f3n ambiental que podr\u00eda ocasionar cuando el proyecto entre en explotaci\u00f3n, adem\u00e1s que la licencia solo la otorg\u00f3 la poblaci\u00f3n de Haquira (Apur\u00edmac &#8211; Cotabambas), mas no la de Qui\u00f1ota (Cusco \u2013 Chumbivilcas).<\/p>\n<p>El\u00a0 alcalde de Qui\u00f1ota \u2013sede del yacimiento minero\u2013 Prof. Calisto Ccahuana,\u00a0 ha manifestado que no se ha producido incidente alguno como el incendio del campamento minero que algunos medios han venido informando. Frente a esta paralizaci\u00f3n se ha realizado un acta con el acuerdo de entablar un di\u00e1logo con los representantes de la empresa minera y los pobladores a las 2 de la tarde.<\/p>\n<p>Seg\u00fan versiones, se\u00f1alan que parte del campamento fue incendiado y que el gerente general William Arenas junto a otros 150 trabajadores est\u00e1n retenidos en el campamento. Sobre esto \u00faltimo hay una denuncia en la Comisar\u00eda de Santo Tom\u00e1s.<\/p>\n<p>Por su parte, pobladores del distrito de Qui\u00f1ota y los centros poblados contin\u00faan en el campamento minero de Anabi S.A.C\u00a0 a la espera del di\u00e1logo.<\/p>\n<p><strong>Un dato<\/strong><\/p>\n<p>ANABI S.A.C. se encuentra en proceso de construcci\u00f3n, tiene instalado su campamento en Qui\u00f1ota, a cuarenta minutos de viaje se encuentra su proyecto minero Utunza, que se ubica, en el l\u00edmite entre los distritos de Qui\u00f1ota (Chumbivilcas) y Haquira (Cotabambas, Apur\u00edmac). El 22 de setiembre Cerca de doscientos comuneros de la zona Haquira \u00a0tomaron las instalaciones de la empresa ANABI SAC, en rechazo a las operaciones que realizan en el proyecto Utunsa, ubicado dentro de sus territorios comunales.<\/p>\n<p><strong><em>Fuente: La Rep\u00fablica.<\/em><\/strong><\/p>","protected":false},"excerpt":{"rendered":"<p>En el distrito de Qui\u00f1ota en la provincia de Chumbivilcas, los pobladores iniciaron una paralizaci\u00f3n masiva indefinida contra la empresa minera\u00a0 Anabi SAC. La medida de fuerza inicio el d\u00eda de ayer 9 de noviembre, alrededor de 500 pobladores de Pumallacta, Collona y el distrito de Qui\u00f1ota tomaron las instalaciones de la mina, con piquetes [&hellip;]<\/p>\n","protected":false},"author":1,"featured_media":0,"comment_status":"closed","ping_status":"open","sticky":false,"template":"","format":"standard","meta":{"_monsterinsights_skip_tracking":false,"_monsterinsights_sitenote_active":false,"_monsterinsights_sitenote_note":"","_monsterinsights_sitenote_category":0,"_jetpack_memberships_contains_paid_content":false,"footnotes":"","jetpack_publicize_message":"","jetpack_publicize_feature_enabled":true,"jetpack_social_post_already_shared":false,"jetpack_social_options":{"image_generator_settings":{"template":"highway","default_image_id":0,"font":"","enabled":false},"version":2}},"categories":[1],"tags":[],"class_list":["post-5102","post","type-post","status-publish","format-standard","hentry","category-sin-categoria"],"blocksy_meta":[],"jetpack_publicize_connections":[],"jetpack_featured_media_url":"","jetpack_sharing_enabled":true,"jetpack_likes_enabled":true,"_links":{"self":[{"href":"https:\/\/derechosinfronteras.pe\/ingles\/wp-json\/wp\/v2\/posts\/5102","targetHints":{"allow":["GET"]}}],"collection":[{"href":"https:\/\/derechosinfronteras.pe\/ingles\/wp-json\/wp\/v2\/posts"}],"about":[{"href":"https:\/\/derechosinfronteras.pe\/ingles\/wp-json\/wp\/v2\/types\/post"}],"author":[{"embeddable":true,"href":"https:\/\/derechosinfronteras.pe\/ingles\/wp-json\/wp\/v2\/users\/1"}],"replies":[{"embeddable":true,"href":"https:\/\/derechosinfronteras.pe\/ingles\/wp-json\/wp\/v2\/comments?post=5102"}],"version-history":[{"count":0,"href":"https:\/\/derechosinfronteras.pe\/ingles\/wp-json\/wp\/v2\/posts\/5102\/revisions"}],"wp:attachment":[{"href":"https:\/\/derechosinfronteras.pe\/ingles\/wp-json\/wp\/v2\/media?parent=5102"}],"wp:term":[{"taxonomy":"category","embeddable":true,"href":"https:\/\/derechosinfronteras.pe\/ingles\/wp-json\/wp\/v2\/categories?post=5102"},{"taxonomy":"post_tag","embeddable":true,"href":"https:\/\/derechosinfronteras.pe\/ingles\/wp-json\/wp\/v2\/tags?post=5102"}],"curies":[{"name":"wp","href":"https:\/\/api.w.org\/{rel}","templated":true}]}}