{"id":5111,"date":"2016-11-04T17:04:32","date_gmt":"2016-11-04T22:04:32","guid":{"rendered":"http:\/\/derechosinfronteras.pe\/?p=2051"},"modified":"2023-12-28T20:55:37","modified_gmt":"2023-12-29T01:55:37","slug":"chumbivilcas-realizan-mesa-tecnica-con-representantes-del-gobierno-central","status":"publish","type":"post","link":"https:\/\/derechosinfronteras.pe\/ingles\/chumbivilcas-realizan-mesa-tecnica-con-representantes-del-gobierno-central\/","title":{"rendered":"Chumbivilcas: instalan mesa t\u00e9cnica con alcaldes de la provincia y representantes del gobierno central"},"content":{"rendered":"<ul>\n<li><em>Pr\u00f3xima reuni\u00f3n se realizar\u00e1 el martes 15 de noviembre.<\/em><\/li>\n<li><em>Participar\u00e1n representantes de MMG LAS BAMBAS, HUDBAY PERU SAC, ARES SAC, ANABI SAC, OTUNSA Y VICTORIA SAC.<\/em><\/li>\n<\/ul>\n<p>El 3 de noviembre las autoridades distritales, representantes de organizaciones sociales y el alcalde provincial de Chumbivilcas sostuvieron una reuni\u00f3n con diferentes ministerios para determinar el inicio de una mesa t\u00e9cnica, la cual plantear\u00eda acciones concretas para enfrentar la problem\u00e1tica de contaminaci\u00f3n debido a actividades extractivas.<\/p>\n<p>En esta mesa participaron alcaldes de los distritos de Velille, Chamaca, Livitaca, Ccapacmarca, \u00a0Colquemarca, Qui\u00f1ota, Llusco y el alcalde de la provincia de Chumbivilcas. Presidencia del Consejo de Ministros (ONDS), Ministro de Energ\u00eda y Minas, Gonzalo Tamayo Flores, Ministro de Vivienda Construcci\u00f3n y Saneamiento, Edmer Trujillo, representantes del MINAM, MTC, MINAGRI, el Congresista Armando Villanueva Mercado, Jaime Gamarra Zambrano y Walter Silva Guevara consejeros regionales por Chumbivilcas.<\/p>\n<p><a href=\"http:\/\/derechosinfronteras.pe\/wp-content\/uploads\/2016\/11\/MINISTRO-DE-ENERGIA-Y-MINAS-EN-CHUMBIVILCAS.jpg\" rel=\"attachment wp-att-2053\"><img fetchpriority=\"high\" decoding=\"async\" class=\"aligncenter size-full wp-image-2053\" src=\"http:\/\/derechosinfronteras.pe\/wp-content\/uploads\/2016\/11\/MINISTRO-DE-ENERGIA-Y-MINAS-EN-CHUMBIVILCAS.jpg\" alt=\"MINISTRO DE ENERGIA Y MINAS EN CHUMBIVILCAS\" width=\"750\" height=\"500\" \/><\/a><\/p>\n<p><strong>Mesa para el 15<br \/>\n<\/strong><\/p>\n<p>Luego del di\u00e1logo sobre la problem\u00e1tica socioambiental de la provincia, uno de los acuerdos es que el pr\u00f3ximo martes 15 de noviembre, se llevar\u00e1 a cabo una reuni\u00f3n a las 10:00 am en la provincia de Chumbivilcas. Dicho espacio de trabajo tiene como objetivo realizar acciones de coordinaci\u00f3n orientadas a promover el desarrollo de la provincia.<\/p>\n<p>Otro de los acuerdos es la instalaci\u00f3n de la mesa t\u00e9cnica para el desarrollo de la provincia de Chumbivilcas y que se emita una resoluci\u00f3n ministerial de reconocimiento de la presente mesa.<\/p>\n<p>El acta de instalaci\u00f3n de la mesa t\u00e9cnica para el desarrollo de la provincia de Chumbivilcas, indica que este Grupo de Trabajo estar\u00e1 integrado por los ocho alcaldes de la provincia, ocho representantes de los frentes de defensa, un representante de la Liga Agraria Provincial, un representante de la organizaci\u00f3n de mujeres de Chumbivilcas, el Gobernador Regional, ocho representantes del GORE &#8211; CUSCO y ocho representantes del Poder Ejecutivo.<\/p>\n<p>Asimismo, participar\u00e1n los representantes de las empresas mineras MMG Las Bambas, Hudbay Peru Sac, Ares Sac, Anabi Sac, Otunsa Y Victoria Sac.<\/p>\n<p><a href=\"http:\/\/derechosinfronteras.pe\/wp-content\/uploads\/2016\/11\/MESA-TECNICA-CHUMBIVILCAS.jpg\" rel=\"attachment wp-att-2054\"><img decoding=\"async\" class=\"aligncenter size-full wp-image-2054\" src=\"http:\/\/derechosinfronteras.pe\/wp-content\/uploads\/2016\/11\/MESA-TECNICA-CHUMBIVILCAS.jpg\" alt=\"MESA TECNICA CHUMBIVILCAS\" width=\"750\" height=\"500\" \/><\/a><\/p>\n<p>&nbsp;<\/p>\n<p><strong>Alsfaltado de carretera<\/strong><\/p>\n<p>A fines de octubre se realiz\u00f3 la reuni\u00f3n de autoridades regionales, locales y representantes de Las Bambas, Hudbay Per\u00fa y la PCM. Durante el desarrollo, los pobladores manifestaron \u00a0la problem\u00e1tica que sufren las comunidades, ello debido a la polvareda de los camiones que transitan. Son alrededor de \u00a0700 unidades vehiculares las que circulan.<\/p>\n<p>Durante su intervenci\u00f3n, \u00a0Valeri Ni\u00f1o de Guzm\u00e1n representante de la empresa MMG Las Bambas manifest\u00f3 que la carretera de Ccapacmarca a Espinar es una v\u00eda de inter\u00e9s nacional, por tal raz\u00f3n el Estado es responsable de considerar en su plan un corredor minero y que la empresa est\u00e1 para apoyar\u201d.<\/p>\n<p>La poblaci\u00f3n exigi\u00f3 una respuesta concreta frente al asfaltado de esta carretera, para ello \u201cla empresa minera MMG Las bambas ser\u00e1 responsable de asumir el estudio del perfil de la carretera de Ccapacmarca a Espinar\u201d dijo Ni\u00f1o de Guzm\u00e1n.<\/p>\n<p>La demanda de di\u00e1logo en Chumbivilcas se viene generando desde mucho tiempo atr\u00e1s. La poblaci\u00f3n espera que el pr\u00f3ximo 15 de noviembre se consideren acuerdos en bien de la provincia y con la finalidad de rechazar la contaminaci\u00f3n que genera la actividad minera en la zona.<\/p>\n<p><strong><em>Fuente\/Fotos: David Vera Castillo.<\/em><\/strong><\/p>","protected":false},"excerpt":{"rendered":"<p>Pr\u00f3xima reuni\u00f3n se realizar\u00e1 el martes 15 de noviembre. Participar\u00e1n representantes de MMG LAS BAMBAS, HUDBAY PERU SAC, ARES SAC, ANABI SAC, OTUNSA Y VICTORIA SAC. El 3 de noviembre las autoridades distritales, representantes de organizaciones sociales y el alcalde provincial de Chumbivilcas sostuvieron una reuni\u00f3n con diferentes ministerios para determinar el inicio de una [&hellip;]<\/p>\n","protected":false},"author":1,"featured_media":5112,"comment_status":"closed","ping_status":"open","sticky":false,"template":"","format":"standard","meta":{"_monsterinsights_skip_tracking":false,"_monsterinsights_sitenote_active":false,"_monsterinsights_sitenote_note":"","_monsterinsights_sitenote_category":0,"_jetpack_memberships_contains_paid_content":false,"footnotes":"","jetpack_publicize_message":"","jetpack_publicize_feature_enabled":true,"jetpack_social_post_already_shared":false,"jetpack_social_options":{"image_generator_settings":{"template":"highway","default_image_id":0,"font":"","enabled":false},"version":2}},"categories":[1],"tags":[],"class_list":["post-5111","post","type-post","status-publish","format-standard","has-post-thumbnail","hentry","category-sin-categoria"],"blocksy_meta":[],"jetpack_publicize_connections":[],"jetpack_featured_media_url":"https:\/\/derechosinfronteras.pe\/wp-content\/uploads\/2016\/11\/MINISTRO-DE-VIVIENDA-Y-CONSTRUCCION.jpg","jetpack_sharing_enabled":true,"jetpack_likes_enabled":true,"_links":{"self":[{"href":"https:\/\/derechosinfronteras.pe\/ingles\/wp-json\/wp\/v2\/posts\/5111","targetHints":{"allow":["GET"]}}],"collection":[{"href":"https:\/\/derechosinfronteras.pe\/ingles\/wp-json\/wp\/v2\/posts"}],"about":[{"href":"https:\/\/derechosinfronteras.pe\/ingles\/wp-json\/wp\/v2\/types\/post"}],"author":[{"embeddable":true,"href":"https:\/\/derechosinfronteras.pe\/ingles\/wp-json\/wp\/v2\/users\/1"}],"replies":[{"embeddable":true,"href":"https:\/\/derechosinfronteras.pe\/ingles\/wp-json\/wp\/v2\/comments?post=5111"}],"version-history":[{"count":4,"href":"https:\/\/derechosinfronteras.pe\/ingles\/wp-json\/wp\/v2\/posts\/5111\/revisions"}],"predecessor-version":[{"id":7116,"href":"https:\/\/derechosinfronteras.pe\/ingles\/wp-json\/wp\/v2\/posts\/5111\/revisions\/7116"}],"wp:featuredmedia":[{"embeddable":true,"href":"https:\/\/derechosinfronteras.pe\/ingles\/wp-json\/wp\/v2\/media\/5112"}],"wp:attachment":[{"href":"https:\/\/derechosinfronteras.pe\/ingles\/wp-json\/wp\/v2\/media?parent=5111"}],"wp:term":[{"taxonomy":"category","embeddable":true,"href":"https:\/\/derechosinfronteras.pe\/ingles\/wp-json\/wp\/v2\/categories?post=5111"},{"taxonomy":"post_tag","embeddable":true,"href":"https:\/\/derechosinfronteras.pe\/ingles\/wp-json\/wp\/v2\/tags?post=5111"}],"curies":[{"name":"wp","href":"https:\/\/api.w.org\/{rel}","templated":true}]}}