{"id":5121,"date":"2016-10-28T10:19:21","date_gmt":"2016-10-28T15:19:21","guid":{"rendered":"http:\/\/derechosinfronteras.pe\/?p=2035"},"modified":"2016-10-28T10:19:21","modified_gmt":"2016-10-28T15:19:21","slug":"chumbivilcas-en-asamblea-popular-deciden-no-efectuar-pago-alguno-por-el-servicio-de-agua","status":"publish","type":"post","link":"https:\/\/derechosinfronteras.pe\/ingles\/chumbivilcas-en-asamblea-popular-deciden-no-efectuar-pago-alguno-por-el-servicio-de-agua\/","title":{"rendered":"Chumbivilcas: en asamblea popular deciden no efectuar pago alguno por el servicio de agua"},"content":{"rendered":"<ul>\n<li><em>Pobladores expresaron su rechazo por el p\u00e9simo servicio de EMSSAPAL.<\/em><\/li>\n<\/ul>\n<p>El 27 de octubre la provincia de Chumvibilcas acato un paro preventivo de 24 horas, con participaci\u00f3n de todas las organizaciones sociales, instituciones p\u00fablicas y privadas y con el bloqueo de las v\u00edas a los distritos de Chamaca, Velille, Llusco, Qui\u00f1ota.<\/p>\n<p>Con esta medida el pueblo chumvibiilcano expreso su \u00a0rechazo a la empresa proveedora de agua \u00a0EMPSSAPAL con sede \u00a0en Sicuani.<br \/>\nDurante la asamblea popular, manifestaron su malestar\u00a0 frente al servicio ineficiente y abusivo por los elevados cobros que esta empresa realiza.<\/p>\n<p>En horas de la tarde Cayo Haytani Valencia, secretario General del Frente \u00danico de Defensa de los Intereses de la Provincia de Chumbivilcas (FUDICH), dio a conocer los acuerdos asumidos en esta asamblea popular:<\/p>\n<ul>\n<li>La poblaci\u00f3n usuaria de EMPSSAPAL, no realizar\u00e1 ning\u00fan pago por el servicio.<\/li>\n<li>No se har\u00e1 entrega del proyecto de la Comunidad Campesina de Allhuacchullo a la empresa EMPSSAPAL.<\/li>\n<li>Ning\u00fan poblador de la localidad de Santo Tom\u00e1s, alquilara su domicilio para la oficina de EMPSSAPAL.<\/li>\n<\/ul>\n<p>Asimismo se realiz\u00f3 la elecci\u00f3n del comit\u00e9 transitorio y la comisi\u00f3n t\u00e9cnica, quienes se encargar\u00e1n de velar por el cumplimiento de estos acuerdos y la administraci\u00f3n del servicio de agua.<\/p>\n<p><strong><em>Derechos Humanos Sin Fronteras.<\/em><\/strong><\/p>\n<h5 id=\"js_5p\" class=\"_5pbw _5vra\" data-ft=\"{&quot;tn&quot;:&quot;C&quot;}\"><strong><em><span class=\"fwn fcg\"><span class=\"fcg\"><span class=\"fwb\">Foto: Elvis Huallpa Tique.<\/span><\/span><\/span><\/em><\/strong><\/h5>","protected":false},"excerpt":{"rendered":"<p>Pobladores expresaron su rechazo por el p\u00e9simo servicio de EMSSAPAL. El 27 de octubre la provincia de Chumvibilcas acato un paro preventivo de 24 horas, con participaci\u00f3n de todas las organizaciones sociales, instituciones p\u00fablicas y privadas y con el bloqueo de las v\u00edas a los distritos de Chamaca, Velille, Llusco, Qui\u00f1ota. Con esta medida el [&hellip;]<\/p>\n","protected":false},"author":1,"featured_media":5122,"comment_status":"closed","ping_status":"open","sticky":false,"template":"","format":"standard","meta":{"_monsterinsights_skip_tracking":false,"_monsterinsights_sitenote_active":false,"_monsterinsights_sitenote_note":"","_monsterinsights_sitenote_category":0,"_jetpack_memberships_contains_paid_content":false,"footnotes":"","jetpack_publicize_message":"","jetpack_publicize_feature_enabled":true,"jetpack_social_post_already_shared":false,"jetpack_social_options":{"image_generator_settings":{"template":"highway","default_image_id":0,"font":"","enabled":false},"version":2}},"categories":[1],"tags":[],"class_list":["post-5121","post","type-post","status-publish","format-standard","has-post-thumbnail","hentry","category-sin-categoria"],"blocksy_meta":[],"jetpack_publicize_connections":[],"jetpack_featured_media_url":"https:\/\/derechosinfronteras.pe\/wp-content\/uploads\/2016\/10\/14889999_1192870214085599_5527007284310862147_o.jpg","jetpack_sharing_enabled":true,"jetpack_likes_enabled":true,"_links":{"self":[{"href":"https:\/\/derechosinfronteras.pe\/ingles\/wp-json\/wp\/v2\/posts\/5121","targetHints":{"allow":["GET"]}}],"collection":[{"href":"https:\/\/derechosinfronteras.pe\/ingles\/wp-json\/wp\/v2\/posts"}],"about":[{"href":"https:\/\/derechosinfronteras.pe\/ingles\/wp-json\/wp\/v2\/types\/post"}],"author":[{"embeddable":true,"href":"https:\/\/derechosinfronteras.pe\/ingles\/wp-json\/wp\/v2\/users\/1"}],"replies":[{"embeddable":true,"href":"https:\/\/derechosinfronteras.pe\/ingles\/wp-json\/wp\/v2\/comments?post=5121"}],"version-history":[{"count":0,"href":"https:\/\/derechosinfronteras.pe\/ingles\/wp-json\/wp\/v2\/posts\/5121\/revisions"}],"wp:featuredmedia":[{"embeddable":true,"href":"https:\/\/derechosinfronteras.pe\/ingles\/wp-json\/wp\/v2\/media\/5122"}],"wp:attachment":[{"href":"https:\/\/derechosinfronteras.pe\/ingles\/wp-json\/wp\/v2\/media?parent=5121"}],"wp:term":[{"taxonomy":"category","embeddable":true,"href":"https:\/\/derechosinfronteras.pe\/ingles\/wp-json\/wp\/v2\/categories?post=5121"},{"taxonomy":"post_tag","embeddable":true,"href":"https:\/\/derechosinfronteras.pe\/ingles\/wp-json\/wp\/v2\/tags?post=5121"}],"curies":[{"name":"wp","href":"https:\/\/api.w.org\/{rel}","templated":true}]}}