{"id":5123,"date":"2016-10-27T14:53:40","date_gmt":"2016-10-27T19:53:40","guid":{"rendered":"http:\/\/derechosinfronteras.pe\/?p=2031"},"modified":"2016-10-27T14:53:40","modified_gmt":"2016-10-27T19:53:40","slug":"pobladores-de-chumbivilcas-acatan-paro-de-24-horas-por-pesimo-servicio-de-agua","status":"publish","type":"post","link":"https:\/\/derechosinfronteras.pe\/ingles\/pobladores-de-chumbivilcas-acatan-paro-de-24-horas-por-pesimo-servicio-de-agua\/","title":{"rendered":"Pobladores de Chumbivilcas acatan paro de 24 horas por p\u00e9simo servicio de agua"},"content":{"rendered":"<p>En la provincia de Chumbivilcas se viene realizando un paro preventivo de 24 horas, en la que participan las organizaciones sociales como Toribia Flores de Cutipa, la \u00a0liga agraria, rondas campesinas, asociaciones de mujeres entre otras.<\/p>\n<p>En la plataforma de lucha emitida el 23 de octubre por el Frente \u00danico de Defensa por los Intereses de la provincia de Chumbivilcas (FUDICH), ellos demandan:<\/p>\n<ul>\n<li>El asfaltado de la carretera Chumbivilcas \u2013 Espinar por parte de la empresa Las Bambas y Hudbay Per\u00fa, y la ejecucion del convenio marco provincial.<\/li>\n<li>Un servicio de agua eficiente y de calidad por parte de EMPSSAPAL.<\/li>\n<li>Conformaci\u00f3n de un comit\u00e9 t\u00e9cnico transitorio de la unidad operativa de gesti\u00f3n, administraci\u00f3n de agua y saneamiento del distrito de Santo Tom\u00e1s.<\/li>\n<\/ul>\n<p><a href=\"http:\/\/derechosinfronteras.pe\/wp-content\/uploads\/2016\/10\/14716134_364146053928310_2944183652963955318_n.jpg\" rel=\"attachment wp-att-2032\"><img fetchpriority=\"high\" decoding=\"async\" class=\"aligncenter size-full wp-image-2032\" src=\"http:\/\/derechosinfronteras.pe\/wp-content\/uploads\/2016\/10\/14716134_364146053928310_2944183652963955318_n.jpg\" alt=\"14716134_364146053928310_2944183652963955318_n\" width=\"681\" height=\"960\" \/><\/a><\/p>\n<p>&nbsp;<\/p>\n<p><strong><em>Derechos Humanos Sin Fronteras.<\/em><\/strong><\/p>\n<p><em><strong>Fotos: Urbano Ahuate Zamata.<\/strong><\/em><\/p>","protected":false},"excerpt":{"rendered":"<p>En la provincia de Chumbivilcas se viene realizando un paro preventivo de 24 horas, en la que participan las organizaciones sociales como Toribia Flores de Cutipa, la \u00a0liga agraria, rondas campesinas, asociaciones de mujeres entre otras. En la plataforma de lucha emitida el 23 de octubre por el Frente \u00danico de Defensa por los Intereses [&hellip;]<\/p>\n","protected":false},"author":1,"featured_media":5124,"comment_status":"closed","ping_status":"open","sticky":false,"template":"","format":"standard","meta":{"_monsterinsights_skip_tracking":false,"_monsterinsights_sitenote_active":false,"_monsterinsights_sitenote_note":"","_monsterinsights_sitenote_category":0,"_jetpack_memberships_contains_paid_content":false,"footnotes":"","jetpack_publicize_message":"","jetpack_publicize_feature_enabled":true,"jetpack_social_post_already_shared":false,"jetpack_social_options":{"image_generator_settings":{"template":"highway","default_image_id":0,"font":"","enabled":false},"version":2}},"categories":[1],"tags":[],"class_list":["post-5123","post","type-post","status-publish","format-standard","has-post-thumbnail","hentry","category-sin-categoria"],"blocksy_meta":[],"jetpack_publicize_connections":[],"jetpack_featured_media_url":"https:\/\/derechosinfronteras.pe\/wp-content\/uploads\/2016\/10\/14657408_364217257254523_2663983420103360197_n.jpg","jetpack_sharing_enabled":true,"jetpack_likes_enabled":true,"_links":{"self":[{"href":"https:\/\/derechosinfronteras.pe\/ingles\/wp-json\/wp\/v2\/posts\/5123","targetHints":{"allow":["GET"]}}],"collection":[{"href":"https:\/\/derechosinfronteras.pe\/ingles\/wp-json\/wp\/v2\/posts"}],"about":[{"href":"https:\/\/derechosinfronteras.pe\/ingles\/wp-json\/wp\/v2\/types\/post"}],"author":[{"embeddable":true,"href":"https:\/\/derechosinfronteras.pe\/ingles\/wp-json\/wp\/v2\/users\/1"}],"replies":[{"embeddable":true,"href":"https:\/\/derechosinfronteras.pe\/ingles\/wp-json\/wp\/v2\/comments?post=5123"}],"version-history":[{"count":0,"href":"https:\/\/derechosinfronteras.pe\/ingles\/wp-json\/wp\/v2\/posts\/5123\/revisions"}],"wp:featuredmedia":[{"embeddable":true,"href":"https:\/\/derechosinfronteras.pe\/ingles\/wp-json\/wp\/v2\/media\/5124"}],"wp:attachment":[{"href":"https:\/\/derechosinfronteras.pe\/ingles\/wp-json\/wp\/v2\/media?parent=5123"}],"wp:term":[{"taxonomy":"category","embeddable":true,"href":"https:\/\/derechosinfronteras.pe\/ingles\/wp-json\/wp\/v2\/categories?post=5123"},{"taxonomy":"post_tag","embeddable":true,"href":"https:\/\/derechosinfronteras.pe\/ingles\/wp-json\/wp\/v2\/tags?post=5123"}],"curies":[{"name":"wp","href":"https:\/\/api.w.org\/{rel}","templated":true}]}}