{"id":5130,"date":"2016-10-24T15:31:17","date_gmt":"2016-10-24T20:31:17","guid":{"rendered":"http:\/\/derechosinfronteras.pe\/?p=2013"},"modified":"2016-10-24T15:31:17","modified_gmt":"2016-10-24T20:31:17","slug":"semana-de-la-vigilancia-indigena-y-ciudadana-inicio-con-respaldo-de-organizaciones-andinas-y-amazonicas","status":"publish","type":"post","link":"https:\/\/derechosinfronteras.pe\/ingles\/semana-de-la-vigilancia-indigena-y-ciudadana-inicio-con-respaldo-de-organizaciones-andinas-y-amazonicas\/","title":{"rendered":"Semana de la vigilancia ind\u00edgena y ciudadana inici\u00f3 con respaldo de organizaciones andinas y amaz\u00f3nicas"},"content":{"rendered":"<p>La Asociaci\u00f3n Marianista de Acci\u00f3n Social (AMAS) y representantes de organizaciones am\u00e1zonicas, dieron inicio a la Semana Internacional de la Vigilancia Ind\u00edgena (del 24 al 28 de octubre) al respaldar el proyecto de ley que pretende reconocer la labor de los monitores ambientales de los recursos h\u00eddricos.<\/p>\n<p>En el marco de este evento, las organizaciones ind\u00edgenas y vigilantes desde distintas partes del Per\u00fa, compartir\u00e1n sus experiencias de sistemas de vigilancia y monitoreo ambiental, de los impactos negativos producto de los desastres ambientales, as\u00ed como de las actividades extractivas que se desarrollan en sus zonas.<\/p>\n<p>Desde la RED MUQUI, se hizo extensiva la invitacion para que los legisladores conozcan c\u00f3mo es que las comunidades se organizan para cuidar la calidad del agua de sus r\u00edos y los resultados que han venido obteniendo en los \u00faltimos 12 a\u00f1os en la sierra de la regi\u00f3n La Libertad.<\/p>\n<p><a href=\"http:\/\/derechosinfronteras.pe\/wp-content\/uploads\/2016\/10\/vigilancia24_4.jpg\" rel=\"attachment wp-att-2015\"><img fetchpriority=\"high\" decoding=\"async\" class=\"aligncenter size-full wp-image-2015\" src=\"http:\/\/derechosinfronteras.pe\/wp-content\/uploads\/2016\/10\/vigilancia24_4.jpg\" alt=\"vigilancia24_4\" width=\"750\" height=\"420\" \/><\/a><\/p>\n<p><em>\u201cEs necesario involucrar a los m\u00e1s de treinta comit\u00e9s de vigilancia ambiental que se encuentran en nuestra sierra a nivel nacional, ya que son poblaciones que se vienen empoderando en el monitoreo ambiental tras varias capacitaciones y talleres que siguen para mejorar su labor\u201d,<\/em> se\u00f1al\u00f3 Ronal Gabriel (AMAS).<\/p>\n<p>Por su parte el congresista por el Frente Amplio, Oracio Pacori, record\u00f3 que esta iniciativa legislativa es resultado de m\u00e1s de dos a\u00f1os de trabajo participativo entre las organizaciones ind\u00edgenas y organizaciones de sociedad civil, que imparti\u00f3 una serie de talleres, capacitaciones y salidas de campo. Remarc\u00f3 que existi\u00f3 un proyecto de ley similar que fue revisado por diversos ministerios y \u00f3rganos adscritos de los sectores Ambiente, Agricultura, quienes presentaron recomendaciones de mejora, a excepci\u00f3n del Ministerio de Energ\u00eda y Minas (MEM) que mostr\u00f3 rechazo por la iniciativa.<\/p>\n<p><em>\u201cDesde hace 10 a\u00f1os existe una demanda por reconocer la vigilancia y monitoreo ambiental. Los pueblos ind\u00edgenas conocen, gestionan y protegen sus territorios. Adem\u00e1s existe un trabajo sostenido y desarrollado por los monitores comunitarios que pueden identificar impactos ambientales\u201d<\/em>, resalt\u00f3.<\/p>\n<p><strong>Finalidad<\/strong><\/p>\n<p>La vigilancia y monitoreo socioambiental ind\u00edgena y ciudadano, tiene el potencial de prevenir conflictos socioambientales a trav\u00e9s de la instauraci\u00f3n de un di\u00e1logo directo e institucionalizado entre el Estado y las organizaciones representativas de la poblaci\u00f3n local.<\/p>\n<p>De igual manera, ayudar\u00eda a mejorar y fortalecer el sistema nacional de gesti\u00f3n ambiental aport\u00e1ndole mayor informaci\u00f3n sobre la realidad del campo y alertando de forma temprana acerca de potenciales desastres ambientales. Al prevenir estos desastres, tambi\u00e9n se generar\u00eda un ahorro importante en t\u00e9rminos, por ejemplo, de remediaci\u00f3n y salud p\u00fablica.<\/p>\n<p>Desde siempre, los pueblos ind\u00edgenas y poblaciones locales vienen realizando labores de vigilancia, la cual se presenta como una estrategia de gesti\u00f3n territorial, ambiental y social en zonas remotas de nuestro pa\u00eds, donde muchas veces el Estado no est\u00e1 presente.<\/p>\n<p>En definitiva, este proyecto de ley propone recoger una labor que ya se viene realizando desde los pueblos ind\u00edgenas y poblaciones locales, reconoci\u00e9ndola e institucionaliz\u00e1ndola para permitirle aportar y mejorar la gesti\u00f3n territorial, ambiental y social en nuestro pa\u00eds.<\/p>\n<p>Los congresistas del Frente Amplio, Oracio Pacori y Tania Pariona, expusieron la finalidad de la propuesta legislativa (N\u00b0 336\/2016-CR) para la ARTICULACI\u00d3N DE LA VIGILANCIA Y MONITOREO SOCIO-AMBIENTAL CIUDADANO E IND\u00cdGENA EN EL SISTEMA DE GESTI\u00d3N AMBIENTAL para mejorar la gesti\u00f3n territorial y ambiental en el Per\u00fa.<\/p>\n<p>Ahora se espera que este proyecto de ley -ingresado el 29 de setiembre- sea discutido pr\u00f3ximamente en la Comisi\u00f3n de Pueblos Andinos, Amaz\u00f3nicos y Afroperuanos, Ambiente y Ecolog\u00eda (CPAAAE), presidida por la congresista Mar\u00eda Elena Foronda, quien adem\u00e1s es la autora de la propuesta.<\/p>\n<p>Estas experiencias y ventajas ubicadas a lo largo del territorio nacional, se reunir\u00e1n del 24 al 28 de octubre en la SEMANA DE LA VIGILANCIA IND\u00cdGENA.<\/p>\n<p><strong>Organizaciones que apoyan y aportaron en la propuesta:<\/strong><\/p>\n<p>RED MUQUI a trav\u00e9s de sus instituciones miembro que trabajan experiencias de monitoreo ambiental como AMAS (La Libertad), Grufides (Cajamarca) y Derechos Humanos Sin Fronteras (Cusco); AIDESEP, sus bases regionales y federaciones como Organizaci\u00f3n Regional AIDESEP Ucayali &#8211; ORAU; la Asociaci\u00f3n Cocama de Desarrollo y Conservaci\u00f3n San Pablo de Tipishca &#8211; ACODECOSPAT (Loreto); Consejo Machiguenga del R\u00edo Urubamba \u2013 COMARU (Cusco); y la Central Ash\u00e1ninka del R\u00edo Ene \u2013 CARE (Jun\u00edn), Organizaciones Ind\u00edgenas que conforman el Pacto de Unidad como ONAMIAP y CNA.<\/p>","protected":false},"excerpt":{"rendered":"<p>La Asociaci\u00f3n Marianista de Acci\u00f3n Social (AMAS) y representantes de organizaciones am\u00e1zonicas, dieron inicio a la Semana Internacional de la Vigilancia Ind\u00edgena (del 24 al 28 de octubre) al respaldar el proyecto de ley que pretende reconocer la labor de los monitores ambientales de los recursos h\u00eddricos. En el marco de este evento, las organizaciones [&hellip;]<\/p>\n","protected":false},"author":1,"featured_media":5131,"comment_status":"closed","ping_status":"open","sticky":false,"template":"","format":"standard","meta":{"_monsterinsights_skip_tracking":false,"_monsterinsights_sitenote_active":false,"_monsterinsights_sitenote_note":"","_monsterinsights_sitenote_category":0,"_jetpack_memberships_contains_paid_content":false,"footnotes":"","jetpack_publicize_message":"","jetpack_publicize_feature_enabled":true,"jetpack_social_post_already_shared":false,"jetpack_social_options":{"image_generator_settings":{"template":"highway","default_image_id":0,"font":"","enabled":false},"version":2}},"categories":[1],"tags":[],"class_list":["post-5130","post","type-post","status-publish","format-standard","has-post-thumbnail","hentry","category-sin-categoria"],"blocksy_meta":[],"jetpack_publicize_connections":[],"jetpack_featured_media_url":"https:\/\/derechosinfronteras.pe\/wp-content\/uploads\/2016\/10\/vigilancia24_1.jpg","jetpack_sharing_enabled":true,"jetpack_likes_enabled":true,"_links":{"self":[{"href":"https:\/\/derechosinfronteras.pe\/ingles\/wp-json\/wp\/v2\/posts\/5130","targetHints":{"allow":["GET"]}}],"collection":[{"href":"https:\/\/derechosinfronteras.pe\/ingles\/wp-json\/wp\/v2\/posts"}],"about":[{"href":"https:\/\/derechosinfronteras.pe\/ingles\/wp-json\/wp\/v2\/types\/post"}],"author":[{"embeddable":true,"href":"https:\/\/derechosinfronteras.pe\/ingles\/wp-json\/wp\/v2\/users\/1"}],"replies":[{"embeddable":true,"href":"https:\/\/derechosinfronteras.pe\/ingles\/wp-json\/wp\/v2\/comments?post=5130"}],"version-history":[{"count":0,"href":"https:\/\/derechosinfronteras.pe\/ingles\/wp-json\/wp\/v2\/posts\/5130\/revisions"}],"wp:featuredmedia":[{"embeddable":true,"href":"https:\/\/derechosinfronteras.pe\/ingles\/wp-json\/wp\/v2\/media\/5131"}],"wp:attachment":[{"href":"https:\/\/derechosinfronteras.pe\/ingles\/wp-json\/wp\/v2\/media?parent=5130"}],"wp:term":[{"taxonomy":"category","embeddable":true,"href":"https:\/\/derechosinfronteras.pe\/ingles\/wp-json\/wp\/v2\/categories?post=5130"},{"taxonomy":"post_tag","embeddable":true,"href":"https:\/\/derechosinfronteras.pe\/ingles\/wp-json\/wp\/v2\/tags?post=5130"}],"curies":[{"name":"wp","href":"https:\/\/api.w.org\/{rel}","templated":true}]}}