{"id":5137,"date":"2016-10-18T16:31:16","date_gmt":"2016-10-18T21:31:16","guid":{"rendered":"http:\/\/derechosinfronteras.pe\/?p=1998"},"modified":"2016-10-18T16:31:16","modified_gmt":"2016-10-18T21:31:16","slug":"demandamos-un-estado-que-se-mantenga-firme-frente-a-las-presiones-de-los-grupos-de-poder-economico-en-el-peru","status":"publish","type":"post","link":"https:\/\/derechosinfronteras.pe\/ingles\/demandamos-un-estado-que-se-mantenga-firme-frente-a-las-presiones-de-los-grupos-de-poder-economico-en-el-peru\/","title":{"rendered":"DEMANDAMOS UN ESTADO QUE SE MANTENGA FIRME FRENTE A LAS PRESIONES  DE LOS GRUPOS DE PODER ECON\u00d3MICO EN EL PER\u00da"},"content":{"rendered":"<p>Como miembros de RED MUQUI, nos dirigimos a la opini\u00f3n p\u00fablica nacional e internacional para plantear lo siguiente:<\/p>\n<ol>\n<li>Lamentamos que la conflictividad social por la actividad minero extractiva en el Per\u00fa, haya cobrado una nueva v\u00edctima, Quintino Cereceda Huiza, a cuya familia alcanzamos nuestras condolencias. Es la primera v\u00edctima acontecida en el gobierno del presidente Kuczynski, antes de cumplir el tercer mes de asumir su mandato.<\/li>\n<li>De otro lado, y sin bien en el pasado el rol del Ministerio del Interior ha sido diferente, respaldamos la respuesta del Ministro del Interior, Carlos Basombr\u00edo, quien a trav\u00e9s de un pronunciamiento ha se\u00f1alado que se va realizar una investigaci\u00f3n profunda de los hechos y la intervenci\u00f3n de los miembros de la polic\u00eda, luego de conocerse que la v\u00edctima falleci\u00f3 por impacto de un proyectil de arma de fuego.<\/li>\n<li>Exigimos que las autoridades competentes incluyan en las investigaciones a la empresa minera MMG, pues como ha manifestado el Ministro Basombr\u00edo, particip\u00f3 con su maquinar\u00eda en la intervenci\u00f3n\u00a0 policial ocurrida el d\u00eda de ayer, que no fue consultada con las instancias competentes.<\/li>\n<li>Desde RED MUQUI de manera reiterada hemos denunciado el rol de presi\u00f3n que ejercen los grupos de poder econ\u00f3mico, especialmente empresas extractivas, y m\u00e1s espec\u00edficamente algunas mineras, en las decisiones de los gobiernos de turno, el que se vi\u00f3 reflejado en las normativas que desregulan lo ambiental, las garant\u00edas sobre la propiedad de las tierras comunales y criminalizan la legitima protesta social y pac\u00edfica, y se ve reflejado tambi\u00e9n en las decisiones de las fuerzas policiales y en los convenios que estas han suscrito con diversas empresas mineras.<\/li>\n<li>El Ministro Basombr\u00edo ha puesto en evidencia la acci\u00f3n concertada de la empresa minera titular del proyecto con la Polic\u00eda de la jurisdicci\u00f3n cuya intervenci\u00f3n se realiz\u00f3 sin tener en cuenta \u201c\u00f3rdenes superiores\u201d ampar\u00e1ndose para ello en los convenios celebrados con las empresas. Por tanto, se necesita decisi\u00f3n pol\u00edtica para corregir dicha situaci\u00f3n en el m\u00e1s breve plazo, lo que supone la revisi\u00f3n de la normatividad que la propicia.<\/li>\n<li>Por ello exigimos al Ministerio del Interior que se modifique el art\u00edculo 55 del Decreto Legislativo 1148, que permite la celebraci\u00f3n de convenios entre la Polic\u00eda Nacional del Per\u00fa y empresas privadas, convirtiendo el rol de la polic\u00eda en una especie de agentes de seguridad privados, desnaturaliz\u00e1ndose la funci\u00f3n policial, permitiendo adem\u00e1s con ello el abuso y la violaci\u00f3n de derechos de las comunidades y\/o poblaciones locales cuando hay conflictos sociales.<\/li>\n<li>Por otro lado, no debemos olvidar que el actual jefe de la DINI, que se encarga de las operaciones de inteligencia a nivel nacional, ha trabajado en las empresas hidroel\u00e9ctricas y mineras, y seg\u00fan ex miembros del partido de gobierno, una de esas empresas era a la que le solicitaban donaciones. Seguimos aplicando la pol\u00edtica de las puertas giratorias, pero ahora en instituciones que garantizan el orden interno.<\/li>\n<\/ol>\n<p>Finalmente, para abordar los conflictos sociales se requiere una pol\u00edtica transversal de di\u00e1logo, que sea asumida por todos los niveles de gobierno. Para ello no basta con el nombramiento de una persona de reconocida trayectoria. Es necesario un sistema de prevenci\u00f3n de conflictos que articule las distintas instancias del Estado y que formule e implemente soluciones de corto, mediano y largo plazo a fin de que las poblaciones se sientan escuchadas y atendidas en sus demandas, en especial las comunidades campesinas y nativas, con agendas hist\u00f3ricas sin considerar. Los procesos de di\u00e1logo y consulta previa, debidamente aplicados, son mecanismos que permiten prevenir la conflictividad social y generan la participaci\u00f3n en la toma de decisiones.<\/p>\n<p><strong>RED MUQUI<\/strong><\/p>","protected":false},"excerpt":{"rendered":"<p>Como miembros de RED MUQUI, nos dirigimos a la opini\u00f3n p\u00fablica nacional e internacional para plantear lo siguiente: Lamentamos que la conflictividad social por la actividad minero extractiva en el Per\u00fa, haya cobrado una nueva v\u00edctima, Quintino Cereceda Huiza, a cuya familia alcanzamos nuestras condolencias. Es la primera v\u00edctima acontecida en el gobierno del presidente [&hellip;]<\/p>\n","protected":false},"author":1,"featured_media":0,"comment_status":"closed","ping_status":"open","sticky":false,"template":"","format":"standard","meta":{"_monsterinsights_skip_tracking":false,"_monsterinsights_sitenote_active":false,"_monsterinsights_sitenote_note":"","_monsterinsights_sitenote_category":0,"_jetpack_memberships_contains_paid_content":false,"footnotes":"","jetpack_publicize_message":"","jetpack_publicize_feature_enabled":true,"jetpack_social_post_already_shared":false,"jetpack_social_options":{"image_generator_settings":{"template":"highway","default_image_id":0,"font":"","enabled":false},"version":2}},"categories":[1],"tags":[],"class_list":["post-5137","post","type-post","status-publish","format-standard","hentry","category-sin-categoria"],"blocksy_meta":[],"jetpack_publicize_connections":[],"jetpack_featured_media_url":"","jetpack_sharing_enabled":true,"jetpack_likes_enabled":true,"_links":{"self":[{"href":"https:\/\/derechosinfronteras.pe\/ingles\/wp-json\/wp\/v2\/posts\/5137","targetHints":{"allow":["GET"]}}],"collection":[{"href":"https:\/\/derechosinfronteras.pe\/ingles\/wp-json\/wp\/v2\/posts"}],"about":[{"href":"https:\/\/derechosinfronteras.pe\/ingles\/wp-json\/wp\/v2\/types\/post"}],"author":[{"embeddable":true,"href":"https:\/\/derechosinfronteras.pe\/ingles\/wp-json\/wp\/v2\/users\/1"}],"replies":[{"embeddable":true,"href":"https:\/\/derechosinfronteras.pe\/ingles\/wp-json\/wp\/v2\/comments?post=5137"}],"version-history":[{"count":0,"href":"https:\/\/derechosinfronteras.pe\/ingles\/wp-json\/wp\/v2\/posts\/5137\/revisions"}],"wp:attachment":[{"href":"https:\/\/derechosinfronteras.pe\/ingles\/wp-json\/wp\/v2\/media?parent=5137"}],"wp:term":[{"taxonomy":"category","embeddable":true,"href":"https:\/\/derechosinfronteras.pe\/ingles\/wp-json\/wp\/v2\/categories?post=5137"},{"taxonomy":"post_tag","embeddable":true,"href":"https:\/\/derechosinfronteras.pe\/ingles\/wp-json\/wp\/v2\/tags?post=5137"}],"curies":[{"name":"wp","href":"https:\/\/api.w.org\/{rel}","templated":true}]}}