{"id":5138,"date":"2016-10-17T18:17:33","date_gmt":"2016-10-17T23:17:33","guid":{"rendered":"http:\/\/derechosinfronteras.pe\/?p=1990"},"modified":"2016-10-17T18:17:33","modified_gmt":"2016-10-17T23:17:33","slug":"cotabambas-pobladores-declaran-huelga-provincial-indefinida","status":"publish","type":"post","link":"https:\/\/derechosinfronteras.pe\/ingles\/cotabambas-pobladores-declaran-huelga-provincial-indefinida\/","title":{"rendered":"Cotabambas: pobladores declaran huelga provincial indefinida"},"content":{"rendered":"<p>Frente a los \u00faltimos hechos \u00a0ocurridos en Las Bambas, las autoridades locales, dirigentes de las organizaciones sociales y gremiales, presidentes de las comunidades ind\u00edgenas y campesinas , alcaldes de los centros poblados, organizaciones de base, familiares de los comuneros que perdieron la vida en el conflicto \u00a0de Las Bambas y la poblaci\u00f3n en general de la provincia de Cotabambas &#8211; Apur\u00edmac, han decidido declarar huelga provincial indefinida, la cual ser\u00e1 concluida solo con la presencia del presidente de la Rep\u00fablica Pedro Pablo Kuczynski.<\/p>\n<p>En su plataforma de lucha ellos exigen:<\/p>\n<p>&#8211; INMEDIATA PRESENCIA DEL PRESIDENTE Y MINISTROS.<br \/>\n&#8211; DESTITUCI\u00d3N DE ALTOS JEFES POLICIALES EN LA REGI\u00d3N.<br \/>\n&#8211; LA RENUNCIA DEL MINISTRO DEL INTERIOR BASOMBRIO.<br \/>\n&#8211; RESPETO AL CONVENIO 169.<br \/>\n&#8211; REPARACI\u00d3N CIVIL A LA FAMILIA DE QUINTINO CERECEDA HUISA.<br \/>\n&#8211; SUSPENSI\u00d3N DEL PROYECTO MINERO LAS BAMBAS.<br \/>\n&#8211; INVERSI\u00d3N ESPECIAL DEL ESTADO EN LA PROVINCIA DE COTABAMBAS.<\/p>\n<p>Hoy se vel\u00f3 los restos de\u00a0Quintino Cereceda Huisa en la carretera de la comunidad de Quehuira. Quintino Cereceda quien fuera un manifestante en el \u00faltimo conflicto socioambiental suscitado el 14 de octubre,\u00a0perdi\u00f3 la vida a causa de un impacto de bala en la cabeza.<\/p>\n<p>La poblaci\u00f3n de Cotabambas pide al\u00a0Presidente de la Rep\u00fablica, a la Presidencia del Consejo de Ministros &#8211; PCM, a la presidenta del Congreso de la Rep\u00fablica, a la opini\u00f3n p\u00fablica nacional e internacional y a los medios de comunicaci\u00f3n nacional e internacional\u00a0escuchar sus demandas.<\/p>\n<p style=\"text-align: center;\">PRONUNCIAMIENTO DE LA PROVINCIA DE COTABAMBAS<\/p>\n<p><a href=\"http:\/\/derechosinfronteras.pe\/wp-content\/uploads\/2016\/10\/PRONUNCIAMIENTO.jpg\" rel=\"attachment wp-att-1991\"><img fetchpriority=\"high\" decoding=\"async\" class=\"aligncenter size-full wp-image-1991\" src=\"http:\/\/derechosinfronteras.pe\/wp-content\/uploads\/2016\/10\/PRONUNCIAMIENTO.jpg\" alt=\"PRONUNCIAMIENTO\" width=\"540\" height=\"960\" \/><\/a><\/p>\n<p><a href=\"http:\/\/derechosinfronteras.pe\/wp-content\/uploads\/2016\/10\/PRONUNCIAMIENTO-2.jpg\" rel=\"attachment wp-att-1996\"><img decoding=\"async\" class=\"aligncenter  wp-image-1996\" src=\"http:\/\/derechosinfronteras.pe\/wp-content\/uploads\/2016\/10\/PRONUNCIAMIENTO-2.jpg\" alt=\"PRONUNCIAMIENTO 2\" width=\"534\" height=\"754\" \/><\/a><\/p>\n<p><em><strong>Derechos Humanos Sin Fronteras.<\/strong><\/em><\/p>\n<p><em><strong>Foto cabecera: La\u00a0Rep\u00fablica.<\/strong><\/em><\/p>","protected":false},"excerpt":{"rendered":"<p>Frente a los \u00faltimos hechos \u00a0ocurridos en Las Bambas, las autoridades locales, dirigentes de las organizaciones sociales y gremiales, presidentes de las comunidades ind\u00edgenas y campesinas , alcaldes de los centros poblados, organizaciones de base, familiares de los comuneros que perdieron la vida en el conflicto \u00a0de Las Bambas y la poblaci\u00f3n en general de [&hellip;]<\/p>\n","protected":false},"author":1,"featured_media":5139,"comment_status":"closed","ping_status":"open","sticky":false,"template":"","format":"standard","meta":{"_monsterinsights_skip_tracking":false,"_monsterinsights_sitenote_active":false,"_monsterinsights_sitenote_note":"","_monsterinsights_sitenote_category":0,"_jetpack_memberships_contains_paid_content":false,"footnotes":"","jetpack_publicize_message":"","jetpack_publicize_feature_enabled":true,"jetpack_social_post_already_shared":false,"jetpack_social_options":{"image_generator_settings":{"template":"highway","default_image_id":0,"font":"","enabled":false},"version":2}},"categories":[1],"tags":[],"class_list":["post-5138","post","type-post","status-publish","format-standard","has-post-thumbnail","hentry","category-sin-categoria"],"blocksy_meta":[],"jetpack_publicize_connections":[],"jetpack_featured_media_url":"https:\/\/derechosinfronteras.pe\/wp-content\/uploads\/2016\/10\/las_bambas-Noticia-714188.jpg","jetpack_sharing_enabled":true,"jetpack_likes_enabled":true,"_links":{"self":[{"href":"https:\/\/derechosinfronteras.pe\/ingles\/wp-json\/wp\/v2\/posts\/5138","targetHints":{"allow":["GET"]}}],"collection":[{"href":"https:\/\/derechosinfronteras.pe\/ingles\/wp-json\/wp\/v2\/posts"}],"about":[{"href":"https:\/\/derechosinfronteras.pe\/ingles\/wp-json\/wp\/v2\/types\/post"}],"author":[{"embeddable":true,"href":"https:\/\/derechosinfronteras.pe\/ingles\/wp-json\/wp\/v2\/users\/1"}],"replies":[{"embeddable":true,"href":"https:\/\/derechosinfronteras.pe\/ingles\/wp-json\/wp\/v2\/comments?post=5138"}],"version-history":[{"count":0,"href":"https:\/\/derechosinfronteras.pe\/ingles\/wp-json\/wp\/v2\/posts\/5138\/revisions"}],"wp:featuredmedia":[{"embeddable":true,"href":"https:\/\/derechosinfronteras.pe\/ingles\/wp-json\/wp\/v2\/media\/5139"}],"wp:attachment":[{"href":"https:\/\/derechosinfronteras.pe\/ingles\/wp-json\/wp\/v2\/media?parent=5138"}],"wp:term":[{"taxonomy":"category","embeddable":true,"href":"https:\/\/derechosinfronteras.pe\/ingles\/wp-json\/wp\/v2\/categories?post=5138"},{"taxonomy":"post_tag","embeddable":true,"href":"https:\/\/derechosinfronteras.pe\/ingles\/wp-json\/wp\/v2\/tags?post=5138"}],"curies":[{"name":"wp","href":"https:\/\/api.w.org\/{rel}","templated":true}]}}