{"id":5142,"date":"2016-10-17T15:19:31","date_gmt":"2016-10-17T20:19:31","guid":{"rendered":"http:\/\/derechosinfronteras.pe\/?p=1985"},"modified":"2016-10-17T15:19:31","modified_gmt":"2016-10-17T20:19:31","slug":"mas-dialogo-para-que-no-haya-ni-una-muerte-mas","status":"publish","type":"post","link":"https:\/\/derechosinfronteras.pe\/ingles\/mas-dialogo-para-que-no-haya-ni-una-muerte-mas\/","title":{"rendered":"M\u00c1S DI\u00c1LOGO PARA QUE NO HAYA NI UNA MUERTE M\u00c1S"},"content":{"rendered":"<p style=\"text-align: center;\">PRONUNCIAMIENTO<\/p>\n<p>La Coordinadora Nacional de Derechos Humanos lamenta profundamente la muerte de Quintino Cereceda Huiza, muerto por un impacto de bala de la Polic\u00eda Nacional del Per\u00fa este viernes 14 de octubre, en el marco de la respuesta policial al bloqueo de veh\u00edculos pesados en la carretera que une el proyecto minero Las Bambas con el poblado de Quehuira en Apur\u00edmac.<\/p>\n<p>En este sentido, expresamos nuestro m\u00e1s en\u00e9rgico rechazo al uso indebido de la fuerza por parte del Estado en sus intervenciones en los conflictos sociales. La PNP no puede actuar al margen de la Ley, desconociendo lo normado en el Decreto Legislativo 1186 y su reglamento, as\u00ed como en las directivas del propio Ministerio del Interior (resumidas en la RM. 813-016\/IN). En este sentido valoramos el inicio de la investigaci\u00f3n sumaria del Ministerio del Interior (1) .<\/p>\n<p>Exhortamos que la Fiscal\u00eda investigue a cabalidad los hechos y denuncie por las responsabilidades que encuentre con relaci\u00f3n a la muerte del se\u00f1or Quintino Cereceda Huiza. Demandamos tambi\u00e9n se conozca la relaci\u00f3n de todas las personas heridas y que se brinde la atenci\u00f3n m\u00e9dica necesaria a todas las personas heridas.<\/p>\n<p>Requerimos a todas las autoridades y actores comprometidos en este proceso a mantener y aumentar el di\u00e1logo, e incrementar sus esfuerzos por informar a toda la ciudadan\u00eda involucrada sobre los acuerdos tomados y los avances en su implementaci\u00f3n.<\/p>\n<p>Exhortamos una vez m\u00e1s al gobierno central para que hagan p\u00fablicos todos los convenios privados vigentes entre las Polic\u00eda Nacional del Per\u00fa y las empresas mineras, y que estos sean finalizados de manera urgente, ya que vulneran el derecho a la igualdad y a la no discriminaci\u00f3n, as\u00ed tambi\u00e9n constituyen una amenaza cierta e inminente al derecho a la seguridad ciudadana, a la libertad de expresi\u00f3n y ponen en riesgo la vida y la integridad de peruanas y peruanos, tal como ha sucedido con la vida del se\u00f1or Quintino Cereceda.<\/p>\n<p>Invocamos especialmente al gobierno central a no permitir la muerte de un solo peruano m\u00e1s. Consideramos que esta muerte fue totalmente evitable y que es deber fundamental del gobierno central y todos los sectores involucrados en este proceso: Ministerio del Interior, Ministerio de Transportes y Comunicaci\u00f3nes, Ministerio del Ambiente, Ministerio de Energ\u00eda y Minas, Ministerio de Justicia y Derechos Humanos y la Oficina de Di\u00e1logo y Sostenibilidad de la PCM, el emprender una pol\u00edtica que profundice el di\u00e1logo para la prevenci\u00f3n y soluci\u00f3n de conflictos sociales, que incluya el seguimiento al cumplimiento de los acuerdos a los que se arriben, y que no sean reemplazados por la represi\u00f3n como ocurri\u00f3 sistem\u00e1ticamente en quinquenios anteriores. Solo as\u00ed ser\u00e1 posible la aspiraci\u00f3n de no tener ni un muerto m\u00e1s.<\/p>\n<p>Lima, 17 octubre 2016.<\/p>","protected":false},"excerpt":{"rendered":"<p>PRONUNCIAMIENTO La Coordinadora Nacional de Derechos Humanos lamenta profundamente la muerte de Quintino Cereceda Huiza, muerto por un impacto de bala de la Polic\u00eda Nacional del Per\u00fa este viernes 14 de octubre, en el marco de la respuesta policial al bloqueo de veh\u00edculos pesados en la carretera que une el proyecto minero Las Bambas con [&hellip;]<\/p>\n","protected":false},"author":1,"featured_media":5143,"comment_status":"closed","ping_status":"open","sticky":false,"template":"","format":"standard","meta":{"_monsterinsights_skip_tracking":false,"_monsterinsights_sitenote_active":false,"_monsterinsights_sitenote_note":"","_monsterinsights_sitenote_category":0,"_jetpack_memberships_contains_paid_content":false,"footnotes":"","jetpack_publicize_message":"","jetpack_publicize_feature_enabled":true,"jetpack_social_post_already_shared":false,"jetpack_social_options":{"image_generator_settings":{"template":"highway","default_image_id":0,"font":"","enabled":false},"version":2}},"categories":[1],"tags":[],"class_list":["post-5142","post","type-post","status-publish","format-standard","has-post-thumbnail","hentry","category-sin-categoria"],"blocksy_meta":[],"jetpack_publicize_connections":[],"jetpack_featured_media_url":"https:\/\/derechosinfronteras.pe\/wp-content\/uploads\/2016\/10\/478973_266850740065367_655500668_o-1.jpg","jetpack_sharing_enabled":true,"jetpack_likes_enabled":true,"_links":{"self":[{"href":"https:\/\/derechosinfronteras.pe\/ingles\/wp-json\/wp\/v2\/posts\/5142","targetHints":{"allow":["GET"]}}],"collection":[{"href":"https:\/\/derechosinfronteras.pe\/ingles\/wp-json\/wp\/v2\/posts"}],"about":[{"href":"https:\/\/derechosinfronteras.pe\/ingles\/wp-json\/wp\/v2\/types\/post"}],"author":[{"embeddable":true,"href":"https:\/\/derechosinfronteras.pe\/ingles\/wp-json\/wp\/v2\/users\/1"}],"replies":[{"embeddable":true,"href":"https:\/\/derechosinfronteras.pe\/ingles\/wp-json\/wp\/v2\/comments?post=5142"}],"version-history":[{"count":0,"href":"https:\/\/derechosinfronteras.pe\/ingles\/wp-json\/wp\/v2\/posts\/5142\/revisions"}],"wp:featuredmedia":[{"embeddable":true,"href":"https:\/\/derechosinfronteras.pe\/ingles\/wp-json\/wp\/v2\/media\/5143"}],"wp:attachment":[{"href":"https:\/\/derechosinfronteras.pe\/ingles\/wp-json\/wp\/v2\/media?parent=5142"}],"wp:term":[{"taxonomy":"category","embeddable":true,"href":"https:\/\/derechosinfronteras.pe\/ingles\/wp-json\/wp\/v2\/categories?post=5142"},{"taxonomy":"post_tag","embeddable":true,"href":"https:\/\/derechosinfronteras.pe\/ingles\/wp-json\/wp\/v2\/tags?post=5142"}],"curies":[{"name":"wp","href":"https:\/\/api.w.org\/{rel}","templated":true}]}}