{"id":5144,"date":"2016-10-15T15:00:06","date_gmt":"2016-10-15T20:00:06","guid":{"rendered":"http:\/\/derechosinfronteras.pe\/?p=1982"},"modified":"2016-10-15T15:00:06","modified_gmt":"2016-10-15T20:00:06","slug":"cotabambas-01-muerto-y-desconcierto-por-la-represion-policial-en-las-bambas","status":"publish","type":"post","link":"https:\/\/derechosinfronteras.pe\/ingles\/cotabambas-01-muerto-y-desconcierto-por-la-represion-policial-en-las-bambas\/","title":{"rendered":"Cotabambas: 01 muerto y desconcierto por la represi\u00f3n policial en Las Bambas"},"content":{"rendered":"<ul>\n<li><em>Hasta el momento habr\u00edan 2 personas detenidos en el marco del conflicto minero.<\/em><\/li>\n<li><em>Dirigentes se\u00f1alan que habr\u00edan m\u00e1s comuneros heridos.<\/em><\/li>\n<\/ul>\n<p>El d\u00eda de ayer viernes 14 de octubre, los pobladores de las comunidades campesinas de Pumamarca, Cheqeqa, \u00a0Allahua del distrito de Tambobamba y \u00a0la comunidad de Quehuira del distrito de Chalhuahuacho, sosten\u00edan una paralizaci\u00f3n desde el 08 de octubre con el bloqueo de la v\u00eda por donde transitan los camiones pesados de la empresa minera MMG Las Bambas. La paralizaci\u00f3n fue por la falta de asfaltado de la misma, la violenta intervenci\u00f3n policial dej\u00f3 como saldo un muerto identificado como Quintino Cereceda Huisa, quien habr\u00eda fallecido por recibir un impacto de bala en la cabeza. Los dirigentes locales han se\u00f1alado que hay varios heridos entre comuneros y polic\u00edas.<\/p>\n<p>Los hecho ocurrieron cuando el pasado viernes 14 de octubre en horas de la ma\u00f1ana alrededor de 200 comuneros \u00a0entre ni\u00f1os, mujeres y ancianos realizaban una manifestaci\u00f3n en la carretera por donde transita el transporte de la minera Las Bambas. Ellos realizaban una reuni\u00f3n en la que se determinar\u00eda enviar comunicados a la empresa y al Estado para que se instale una mesa de di\u00e1logo; asimismo en esta reuni\u00f3n se determinaban las pr\u00f3ximas acciones frente a los compromisos asumidos en el Congreso de la Rep\u00fablica el 14 de setiembre, en la que se planteaba declarar de inter\u00e9s nacional a la provincia de Cotabambas. Al promediar las 4 de la tarde\u00a0\u201caparecieron cientos de polic\u00edas que dispararon balas, nosotros no sab\u00edamos que iban a meter de frente armas de guerra\u201d. Menciona Melchor vargas.<\/p>\n<p>Melchor Vargas Alcahua Vicepresidente de la Asociaci\u00f3n Ucamba de la comunidad de Pumamarca dijo que \u201c<em>es totalmente falso \u2013 <\/em>que los que realizaron la toma de carretera eran poblaciones que quer\u00edan ser incluidas en el \u00e1rea de influencia de la miner<em>a \u2013 las comunidades que reclam\u00e1bamos somos las comunidades directamente afectadas por el transporte Transaltista que transita por las comunidades de Quehuira, Adyahui, Choquecantuyo y Pumamarca. En nuestra comunidad tambi\u00e9n plante\u00e1bamos como vamos a pedir el di\u00e1logo, porque a nosotros nos hab\u00edan reconocido desde el Congreso de la Rep\u00fablica. Ellos ten\u00edan que enviar una mega comisi\u00f3n en el transcurso del mes para ejecutar una mesa de dialogo entre las comunidades, la empresa minera y el Estado\u201d.\u00a0Manifest\u00f3\u00a0Vargas. <\/em><\/p>\n<p>Los carros encapsulados pasan por estas poblaciones transportando\u00a0 minerales y concentrado de cobre. Ocasionando polvareda que afecta a la salud de los pobladores, sus cultivos y animales. El flujo de camiones que transita por la zona de manera diaria es un aproximado de 250 camiones.<\/p>\n<p>Pese a la ampliaci\u00f3n de 180 d\u00edas m\u00e1s de la mesa de di\u00e1logo para el desarrollo sostenible de Cotabambas dispuesto por la Presidencia del Consejo de Ministros (PCM), a trav\u00e9s de la Resoluci\u00f3n Ministerial (N\u00b0 187-2016-PCM), es necesaria la atenci\u00f3n y el di\u00e1logo urgente por los organismos del Estado, de lo contrario se agravar\u00e1 a\u00fan m\u00e1s el conflicto.<\/p>\n<p><strong><em>Derechos Humanos Sin Fronteras.<\/em><\/strong><\/p>","protected":false},"excerpt":{"rendered":"<p>Hasta el momento habr\u00edan 2 personas detenidos en el marco del conflicto minero. Dirigentes se\u00f1alan que habr\u00edan m\u00e1s comuneros heridos. El d\u00eda de ayer viernes 14 de octubre, los pobladores de las comunidades campesinas de Pumamarca, Cheqeqa, \u00a0Allahua del distrito de Tambobamba y \u00a0la comunidad de Quehuira del distrito de Chalhuahuacho, sosten\u00edan una paralizaci\u00f3n desde [&hellip;]<\/p>\n","protected":false},"author":1,"featured_media":5145,"comment_status":"closed","ping_status":"open","sticky":false,"template":"","format":"standard","meta":{"_monsterinsights_skip_tracking":false,"_monsterinsights_sitenote_active":false,"_monsterinsights_sitenote_note":"","_monsterinsights_sitenote_category":0,"_jetpack_memberships_contains_paid_content":false,"footnotes":"","jetpack_publicize_message":"","jetpack_publicize_feature_enabled":true,"jetpack_social_post_already_shared":false,"jetpack_social_options":{"image_generator_settings":{"template":"highway","default_image_id":0,"font":"","enabled":false},"version":2}},"categories":[1],"tags":[],"class_list":["post-5144","post","type-post","status-publish","format-standard","has-post-thumbnail","hentry","category-sin-categoria"],"blocksy_meta":[],"jetpack_publicize_connections":[],"jetpack_featured_media_url":"https:\/\/derechosinfronteras.pe\/wp-content\/uploads\/2016\/10\/las-bambas-foto.jpg","jetpack_sharing_enabled":true,"jetpack_likes_enabled":true,"_links":{"self":[{"href":"https:\/\/derechosinfronteras.pe\/ingles\/wp-json\/wp\/v2\/posts\/5144","targetHints":{"allow":["GET"]}}],"collection":[{"href":"https:\/\/derechosinfronteras.pe\/ingles\/wp-json\/wp\/v2\/posts"}],"about":[{"href":"https:\/\/derechosinfronteras.pe\/ingles\/wp-json\/wp\/v2\/types\/post"}],"author":[{"embeddable":true,"href":"https:\/\/derechosinfronteras.pe\/ingles\/wp-json\/wp\/v2\/users\/1"}],"replies":[{"embeddable":true,"href":"https:\/\/derechosinfronteras.pe\/ingles\/wp-json\/wp\/v2\/comments?post=5144"}],"version-history":[{"count":0,"href":"https:\/\/derechosinfronteras.pe\/ingles\/wp-json\/wp\/v2\/posts\/5144\/revisions"}],"wp:featuredmedia":[{"embeddable":true,"href":"https:\/\/derechosinfronteras.pe\/ingles\/wp-json\/wp\/v2\/media\/5145"}],"wp:attachment":[{"href":"https:\/\/derechosinfronteras.pe\/ingles\/wp-json\/wp\/v2\/media?parent=5144"}],"wp:term":[{"taxonomy":"category","embeddable":true,"href":"https:\/\/derechosinfronteras.pe\/ingles\/wp-json\/wp\/v2\/categories?post=5144"},{"taxonomy":"post_tag","embeddable":true,"href":"https:\/\/derechosinfronteras.pe\/ingles\/wp-json\/wp\/v2\/tags?post=5144"}],"curies":[{"name":"wp","href":"https:\/\/api.w.org\/{rel}","templated":true}]}}