{"id":5146,"date":"2016-10-12T12:07:43","date_gmt":"2016-10-12T17:07:43","guid":{"rendered":"http:\/\/derechosinfronteras.pe\/?p=1978"},"modified":"2016-10-12T12:07:43","modified_gmt":"2016-10-12T17:07:43","slug":"inician-debate-por-el-proyecto-que-busca-eliminar-articulo-de-ley-que-perdona-multas-a-industrias-extractivas","status":"publish","type":"post","link":"https:\/\/derechosinfronteras.pe\/ingles\/inician-debate-por-el-proyecto-que-busca-eliminar-articulo-de-ley-que-perdona-multas-a-industrias-extractivas\/","title":{"rendered":"Inician debate por el proyecto que busca eliminar art\u00edculo de ley que perdona multas a industrias extractivas"},"content":{"rendered":"<p>El 11 de octubre se inicio el primer debate del proyecto de ley que busca derogar los beneficios otorgados a las empresas de las industrias extractivas contenidas en el art\u00edculo N\u00b0 19 de la ley 30230, conocida como el \u2018Paquetazo ambiental\u2019, a cargo de la Comisi\u00f3n de Pueblos Andinos, Amaz\u00f3nicos y Afroperuanos, Ambiente y Ecolog\u00eda del Congreso.<\/p>\n<p>Oracio Pacori Mamani (autor del proyecto de ley), congresista integrante de esta comision se\u00f1alo que este proyecto deber\u00eda ser aprobado para impedir que el art\u00edculo N\u00b0 19 del &#8216;Paquetazo ambiental&#8217;, aprobado en julio de 2014 y que tiene vigencia hasta julio de 2017, se prorrogue por tres a\u00f1os m\u00e1s. Asimismo adelant\u00f3 que durante esta primera exposici\u00f3n, todas las bancadas que integran la comisi\u00f3n (Fuerza Popular, Peruanos por el Kambio, Alianza para el Progreso y el Frente Amplio) se mostraron a favor de aprobar su <a href=\"http:\/\/www.leyes.congreso.gob.pe\/Documentos\/2016_2021\/Proyectos_de_Ley_y_de_Resoluciones_Legislativas\/PL0026920160916..pdf\" target=\"_blank\" rel=\"noopener\">iniciativa<\/a>.<\/p>\n<p>El proyecto de ley deber\u00e1 aprobarse primero en esta comisi\u00f3n, presidida por la parlamentaria del Frente Amplio Mar\u00eda Elena Foronda, para su debate en el Pleno del Congreso. En los pr\u00f3ximos d\u00edas, la mesa directiva integrada por los congresistas fujimoristas Wilmer Aguilar Montenegro (vicepresidente) y Tamara Arimborgo Guerra (secretaria), recoger\u00e1n las opiniones de instituciones fiscalizadoras como OEFA o el Ministerio del Ambiente.<\/p>\n<p>Dos informes de<strong> Convoca.pe<\/strong> publicados el 2015 revelaron que en los ocho primeros meses de la implementaci\u00f3n de la ley 30230, empresas mineras (ver \u2018<a href=\"http:\/\/convoca.pe\/investigaciones\/los-s-30-millones-que-no-cobro-el-gobierno-en-multas-mineras\" target=\"_blank\" rel=\"noopener\">Los 30 millones que no cobr\u00f3 el gobierno en multas mineras<\/a>\u2019) y petroleras (ver \u2018<a href=\"http:\/\/convoca.pe\/investigaciones\/los-millones-perdonados-las-petroleras\" target=\"_blank\" rel=\"noopener\">Los millones perdonados a las petroleras<\/a>\u2019) hab\u00edan dejado de pagar hasta m\u00e1s de 55 millones de soles por infracciones ambientales. Este millonario monto detectado por \u00a0<strong>Convoca.pe<\/strong> fue incluido en la exposici\u00f3n de motivos del proyecto impulsado por el congresista del Frente Amplio Oracio Pacori Mamani.<\/p>\n<p><strong>Convoca.pe<\/strong> busc\u00f3 conocer el punto de vista de los parlamentarios fujimoristas Aguilar, Arimbongo y Vergara sobre la iniciativa, pero sus asesores indicaron que no pod\u00edan dar declaraciones por encontrarse en una reuni\u00f3n de bancada.<\/p>\n<p>Vea tambie:\u00a0 <a href=\"http:\/\/derechosinfronteras.pe\/ingles\/noticias\/proponen-devolver-capacidad-sancionadora-que-oefa-perdio-con-ley-30230\/\" target=\"_blank\" rel=\"noopener\">Proponen devolver capacidad sancionadora que OEFA perdi\u00f3 con Ley 30230.<\/a><\/p>\n<p><em><strong>Fuente: Convoca.pe<\/strong><\/em><\/p>\n<p><em><strong>Foto: Prensa Congreso.<\/strong><\/em><\/p>","protected":false},"excerpt":{"rendered":"<p>El 11 de octubre se inicio el primer debate del proyecto de ley que busca derogar los beneficios otorgados a las empresas de las industrias extractivas contenidas en el art\u00edculo N\u00b0 19 de la ley 30230, conocida como el \u2018Paquetazo ambiental\u2019, a cargo de la Comisi\u00f3n de Pueblos Andinos, Amaz\u00f3nicos y Afroperuanos, Ambiente y Ecolog\u00eda [&hellip;]<\/p>\n","protected":false},"author":1,"featured_media":5147,"comment_status":"closed","ping_status":"open","sticky":false,"template":"","format":"standard","meta":{"_monsterinsights_skip_tracking":false,"_monsterinsights_sitenote_active":false,"_monsterinsights_sitenote_note":"","_monsterinsights_sitenote_category":0,"_jetpack_memberships_contains_paid_content":false,"footnotes":"","jetpack_publicize_message":"","jetpack_publicize_feature_enabled":true,"jetpack_social_post_already_shared":false,"jetpack_social_options":{"image_generator_settings":{"template":"highway","default_image_id":0,"font":"","enabled":false},"version":2}},"categories":[1],"tags":[],"class_list":["post-5146","post","type-post","status-publish","format-standard","has-post-thumbnail","hentry","category-sin-categoria"],"blocksy_meta":[],"jetpack_publicize_connections":[],"jetpack_featured_media_url":"https:\/\/derechosinfronteras.pe\/wp-content\/uploads\/2016\/10\/congreso.jpg","jetpack_sharing_enabled":true,"jetpack_likes_enabled":true,"_links":{"self":[{"href":"https:\/\/derechosinfronteras.pe\/ingles\/wp-json\/wp\/v2\/posts\/5146","targetHints":{"allow":["GET"]}}],"collection":[{"href":"https:\/\/derechosinfronteras.pe\/ingles\/wp-json\/wp\/v2\/posts"}],"about":[{"href":"https:\/\/derechosinfronteras.pe\/ingles\/wp-json\/wp\/v2\/types\/post"}],"author":[{"embeddable":true,"href":"https:\/\/derechosinfronteras.pe\/ingles\/wp-json\/wp\/v2\/users\/1"}],"replies":[{"embeddable":true,"href":"https:\/\/derechosinfronteras.pe\/ingles\/wp-json\/wp\/v2\/comments?post=5146"}],"version-history":[{"count":0,"href":"https:\/\/derechosinfronteras.pe\/ingles\/wp-json\/wp\/v2\/posts\/5146\/revisions"}],"wp:featuredmedia":[{"embeddable":true,"href":"https:\/\/derechosinfronteras.pe\/ingles\/wp-json\/wp\/v2\/media\/5147"}],"wp:attachment":[{"href":"https:\/\/derechosinfronteras.pe\/ingles\/wp-json\/wp\/v2\/media?parent=5146"}],"wp:term":[{"taxonomy":"category","embeddable":true,"href":"https:\/\/derechosinfronteras.pe\/ingles\/wp-json\/wp\/v2\/categories?post=5146"},{"taxonomy":"post_tag","embeddable":true,"href":"https:\/\/derechosinfronteras.pe\/ingles\/wp-json\/wp\/v2\/tags?post=5146"}],"curies":[{"name":"wp","href":"https:\/\/api.w.org\/{rel}","templated":true}]}}