{"id":5148,"date":"2016-10-10T18:23:59","date_gmt":"2016-10-10T23:23:59","guid":{"rendered":"http:\/\/derechosinfronteras.pe\/?p=1971"},"modified":"2016-10-10T18:23:59","modified_gmt":"2016-10-10T23:23:59","slug":"espinar-solicitan-a-congresista-interceder-frente-al-gobierno-nacional-antes-de-iniciar-con-manifestaciones","status":"publish","type":"post","link":"https:\/\/derechosinfronteras.pe\/ingles\/espinar-solicitan-a-congresista-interceder-frente-al-gobierno-nacional-antes-de-iniciar-con-manifestaciones\/","title":{"rendered":"Espinar: solicitan a congresista Villanueva interceder frente al Gobierno Nacional antes de iniciar con manifestaciones"},"content":{"rendered":"<p>Durante la sesi\u00f3n de consejo realizada en la provincia de Espinar, se abordaron temas como la contaminaci\u00f3n minera y\u00a0 los proyectos pendientes de car\u00e1cter cultural y tur\u00edstico para las provincias altas como Canas, Acomayo y Espinar.<\/p>\n<p>La actividad conto con la presencia del congresista \u00a0Arq. Armando Villanueva Mercado integrante de la comisi\u00f3n de Energ\u00eda y Minas,\u00a0 Cultura y Turismo, tambi\u00e9n estuvieron presentes el alcalde provincial, regidores y funcionarios de la municipalidad.<\/p>\n<p>Durante la sesi\u00f3n la autoridad provincial manifest\u00f3 que el gobierno nacional hace o\u00eddos sordos a los reclamos de la poblaci\u00f3n, siendo uno de ellos la contaminaci\u00f3n ambiental por parte de la minera; motivo por el cual solicito que el congresista pueda interceder frente al Gobierno Nacional antes de caer en protestas contra la miner\u00eda.<\/p>\n<p>El Frente \u00danico de Defensa de los Intereses de Espinar (FUDIE) el pasado mi\u00e9rcoles 05 de octubre a trav\u00e9s de una asamblea multiorganizacional ha confirmado el inicio de una paralizaci\u00f3n indefinida para el pr\u00f3ximo 21 de noviembre del presente a\u00f1o.<\/p>\n<p>Como se recuerda en mayo del 2012 el gobierno de Ollanta Humala arremeti\u00f3 de manera violenta contra los pobladores de esta provincia; ellos exig\u00edan \u00a0la reformulaci\u00f3n de un nuevo convenio marco entre la provincia y la empresa minera, en aquel entonces Xstrata Tintaya, hoy\u00a0 Glencore Antapacay, as\u00ed como la determinaci\u00f3n de las causas que genera la contaminaci\u00f3n ambiental en las comunidades del entorno minero.<\/p>\n<p><em><strong>Fuente \/ Foto: MPE.<\/strong><\/em><\/p>","protected":false},"excerpt":{"rendered":"<p>Durante la sesi\u00f3n de consejo realizada en la provincia de Espinar, se abordaron temas como la contaminaci\u00f3n minera y\u00a0 los proyectos pendientes de car\u00e1cter cultural y tur\u00edstico para las provincias altas como Canas, Acomayo y Espinar. La actividad conto con la presencia del congresista \u00a0Arq. Armando Villanueva Mercado integrante de la comisi\u00f3n de Energ\u00eda y [&hellip;]<\/p>\n","protected":false},"author":1,"featured_media":5149,"comment_status":"closed","ping_status":"open","sticky":false,"template":"","format":"standard","meta":{"_monsterinsights_skip_tracking":false,"_monsterinsights_sitenote_active":false,"_monsterinsights_sitenote_note":"","_monsterinsights_sitenote_category":0,"_jetpack_memberships_contains_paid_content":false,"footnotes":"","jetpack_publicize_message":"","jetpack_publicize_feature_enabled":true,"jetpack_social_post_already_shared":false,"jetpack_social_options":{"image_generator_settings":{"template":"highway","default_image_id":0,"font":"","enabled":false},"version":2}},"categories":[1],"tags":[],"class_list":["post-5148","post","type-post","status-publish","format-standard","has-post-thumbnail","hentry","category-sin-categoria"],"blocksy_meta":[],"jetpack_publicize_connections":[],"jetpack_featured_media_url":"https:\/\/derechosinfronteras.pe\/wp-content\/uploads\/2016\/10\/209p2.jpg","jetpack_sharing_enabled":true,"jetpack_likes_enabled":true,"_links":{"self":[{"href":"https:\/\/derechosinfronteras.pe\/ingles\/wp-json\/wp\/v2\/posts\/5148","targetHints":{"allow":["GET"]}}],"collection":[{"href":"https:\/\/derechosinfronteras.pe\/ingles\/wp-json\/wp\/v2\/posts"}],"about":[{"href":"https:\/\/derechosinfronteras.pe\/ingles\/wp-json\/wp\/v2\/types\/post"}],"author":[{"embeddable":true,"href":"https:\/\/derechosinfronteras.pe\/ingles\/wp-json\/wp\/v2\/users\/1"}],"replies":[{"embeddable":true,"href":"https:\/\/derechosinfronteras.pe\/ingles\/wp-json\/wp\/v2\/comments?post=5148"}],"version-history":[{"count":0,"href":"https:\/\/derechosinfronteras.pe\/ingles\/wp-json\/wp\/v2\/posts\/5148\/revisions"}],"wp:featuredmedia":[{"embeddable":true,"href":"https:\/\/derechosinfronteras.pe\/ingles\/wp-json\/wp\/v2\/media\/5149"}],"wp:attachment":[{"href":"https:\/\/derechosinfronteras.pe\/ingles\/wp-json\/wp\/v2\/media?parent=5148"}],"wp:term":[{"taxonomy":"category","embeddable":true,"href":"https:\/\/derechosinfronteras.pe\/ingles\/wp-json\/wp\/v2\/categories?post=5148"},{"taxonomy":"post_tag","embeddable":true,"href":"https:\/\/derechosinfronteras.pe\/ingles\/wp-json\/wp\/v2\/tags?post=5148"}],"curies":[{"name":"wp","href":"https:\/\/api.w.org\/{rel}","templated":true}]}}