{"id":5150,"date":"2016-10-10T09:46:48","date_gmt":"2016-10-10T14:46:48","guid":{"rendered":"http:\/\/derechosinfronteras.pe\/?p=1967"},"modified":"2016-10-10T09:46:48","modified_gmt":"2016-10-10T14:46:48","slug":"relatora-onu-advierte-que-uso-de-seguridad-privada-para-agredir-a-maxima-acuna-es-similar-al-caso-bertha-caceres","status":"publish","type":"post","link":"https:\/\/derechosinfronteras.pe\/ingles\/relatora-onu-advierte-que-uso-de-seguridad-privada-para-agredir-a-maxima-acuna-es-similar-al-caso-bertha-caceres\/","title":{"rendered":"Relatora ONU advierte que uso de seguridad privada para agredir a M\u00e1xima Acu\u00f1a es similar al caso Bertha C\u00e1ceres"},"content":{"rendered":"<ul>\n<li><em>Comisionada de la ONU record\u00f3 esta maniobra llev\u00f3 a la muerte de la lideresa ind\u00edgena hondure\u00f1a<\/em><\/li>\n<li><em>Indic\u00f3 que de los defensores ambientales asesinados este a\u00f1o, 40% son ind\u00edgenas<\/em><\/li>\n<\/ul>\n<p>La relatora especial de la ONU para los derechos de los Pueblos Ind\u00edgenas, Victoria Tauli-Corpuz refiri\u00f3 que las \u00faltimas agresiones contra M\u00e1xima Acu\u00f1a, por la seguridad privada contratada por Yanacocha, corresponde a una t\u00e9cnica utilizada para amedrentar a los ind\u00edgenas, similar a la que sufri\u00f3 Bertha C\u00e1ceres en Honduras.<\/p>\n<p>\u00abEs lo mismo que pas\u00f3 en Honduras, donde los implicados en el asesinato de Berta C\u00e1ceres fueron miembros de la seguridad privada de la empresa (constructora), incluyendo algunos militares\u00bb, apunt\u00f3 en relaci\u00f3n al asesinato de la lideresa ind\u00edgena ocurrido hace siete meses por oponerse a la construcci\u00f3n de la hidroel\u00e9ctrica Agua Zarca.<\/p>\n<p>En ese sentido advirti\u00f3 que los defensores \u201ccarecen de protecci\u00f3n porque los que gobiernan tienen m\u00e1s inter\u00e9s en lograr las tierras\u201d y revel\u00f3 que existen varios pa\u00edses que no tienen leyes que defiendan la postura de los ambientalistas.<\/p>\n<p>Al mencionar el caso de Per\u00fa, la comisionada por la ONU en materia de Pueblos Ind\u00edgenas, remarc\u00f3 que \u00abla prioridad de los gobiernos, desde el pasado hasta ahora, ha sido generar crecimiento econ\u00f3mico a partir de las industrias extractivas\u00bb, lo que hace que los l\u00edderes ind\u00edgenas sean una \u00abamenaza para el deseo del Estado de usar las tierras y generar beneficio de inter\u00e9s para las grandes corporaciones mineras\u00bb.<\/p>\n<p><a href=\"http:\/\/derechosinfronteras.pe\/wp-content\/uploads\/2016\/10\/victoriatauli.jpg\" rel=\"attachment wp-att-1968\"><img fetchpriority=\"high\" decoding=\"async\" class=\"aligncenter size-full wp-image-1968\" src=\"http:\/\/derechosinfronteras.pe\/wp-content\/uploads\/2016\/10\/victoriatauli.jpg\" alt=\"victoriatauli\" width=\"750\" height=\"420\" \/><\/a><\/p>\n<p>En reuni\u00f3n con agencias internacionales de prensa en Roma (Italia), Tauli-Corpuz se\u00f1al\u00f3 que esas personas \u00abcarecen de protecci\u00f3n porque los que est\u00e1n en el poder son los que tienen m\u00e1s inter\u00e9s en lograr esas tierras\u00bb. Asimismo, detall\u00f3 que hay pa\u00edses que no poseen leyes que defienden los derechos ind\u00edgenas y otros como Brasil (con empresarios agr\u00edcolas en el Parlamento) que s\u00ed las tienen, pero no las aplican porque dan prioridad a las que sirven para desarrollar proyectos mineros o hidr\u00e1ulicos.<\/p>\n<p>Es por ello que recomend\u00f3 que, ante la indefensi\u00f3n de los ind\u00edgenas, la relatora inst\u00f3 a llevar ante la justicia nacional o internacional los casos de violaci\u00f3n de sus derechos. M\u00e1s aun cuando los ind\u00edgenas representan alrededor del 40 % de los 137 ambientalistas y defensores de derechos humanos asesinados este a\u00f1o en el mundo.<\/p>\n<p>La minera Yanacocha se\u00f1al\u00f3 que esta es la d\u00e9cima defensa posesoria que realizan desde inicios del a\u00f1o 2015, acciones que realizan como empresa afectada.<\/p>\n<p>El 4 de octubre \u00faltimo se denunci\u00f3 invasi\u00f3n a la propiedad de la familia Chaupe Acu\u00f1a. Personal de la minera Yanacocha lleg\u00f3 a las 10 de la ma\u00f1ana y nuevamente destruy\u00f3 unos cultivos. En esta ocasi\u00f3n, el esposo de M\u00e1xima Acu\u00f1a, Jaime Chaupe se encontraba solo en el lugar.<\/p>\n<p>Ese mismo d\u00eda, la empresa se\u00f1al\u00f3 que esta es la d\u00e9cima defensa posesoria que realizan desde inicios del a\u00f1o 2015, acciones que realizan como empresa afectada. Tambi\u00e9n refirieron que Chaupe Lozano convers\u00f3 con el representante de Asuntos Externos de la mina, Ra\u00fal Farf\u00e1n, en presencia de periodistas, pero hasta el momento no se ha difundido dicho di\u00e1logo.<\/p>\n<p><strong>Territorios y derechos: materia de preocupaci\u00f3n<\/strong><\/p>\n<p>El \u00faltimo Informe de la Relatora Especial sobre los derechos de los pueblos ind\u00edgenas de las Naciones Unidas fue remitido por el Consejo de Derechos Humanos, y es revisado a profundidad en el 71\u00b0 Per\u00edodo de Sesiones de la Organizaci\u00f3n de las Naciones Unidas (ONU).<\/p>\n<p>En su informe que tuvo lugar en Nueva York, y concluy\u00f3 este 30 de septiembre, afirma que el cierre de la brecha entre el reconocimiento de los derechos de los pueblos ind\u00edgenas en los planos internacional y nacional, y la aplicaci\u00f3n real sobre el terreno sigue siendo su principal preocupaci\u00f3n.<\/p>\n<p>Tauli-Corpuz alerta de un n\u00famero alarmante y creciente de casos en los que la inversi\u00f3n extranjera en los sectores de miner\u00eda, petr\u00f3leo y gas fue lo que resulta en graves violaciones de la tierra, el autogobierno de los pueblos ind\u00edgenas y derechos culturales.<\/p>\n<p>Acuerdos internacionales de inversi\u00f3n podr\u00edan agravar y exacerbar a los graves impactos de los proyectos de inversi\u00f3n sobre los derechos de los pueblos ind\u00edgenas.<\/p>\n<p>La conservaci\u00f3n y su impacto en los pueblos ind\u00edgenas son un tema constante. Es por ello que, en su informaci\u00f3n, afirma que las zonas protegidas brindan la posibilidad de salvaguardar la diversidad biol\u00f3gica para beneficio de toda la humanidad.<\/p>\n<p>Su texto concluye con recomendaciones sobre la manera en que pueden llevarse a cabo las actividades de conservaci\u00f3n, tanto en la esfera normativa como en la pr\u00e1ctica, respetando los derechos de los pueblos ind\u00edgenas y mejorando la conservaci\u00f3n sostenible.<\/p>\n<p>El texto de Victoria Tauli, detalla que por zona protegida \u201cse entiende un \u00e1rea definida geogr\u00e1ficamente que haya sido designada o regulada y administrada a fin de alcanzar objetivos de conservaci\u00f3n espec\u00edficos. Las zonas protegidas adoptan modalidades de conservaci\u00f3n muy diferentes, entre ellas parques y bosques nacionales, refugios de flora y fauna silvestres, zonas marinas, reservas privadas y reservas administradas por organizaciones no gubernamentales, zonas protegidas de los pueblos ind\u00edgenas, tierras comunitarias y otras \u00e1reas donde la protecci\u00f3n de la naturaleza y la pr\u00e1ctica de una subsistencia sostenible fomentan la integridad de los ecosistemas\u201d.<\/p>\n<p>Tauli-Corpuz, afirma que los territorios ind\u00edgenas tradicionales, constituyen 22 por ciento de la superficie del planeta, coinciden con \u00e1reas en las que se encuentra 80 por ciento de la diversidad biol\u00f3gica mundial.<\/p>\n<p><strong>DATOS<\/strong><\/p>\n<ul>\n<li>Un relator especial se encarga de presentar informes anuales sobre asuntos espec\u00edficos o situaciones de especial importancia relativas a la promoci\u00f3n y protecci\u00f3n de los derechos de los pueblos ind\u00edgenas.<\/li>\n<li>Tambi\u00e9n realiza visitas a pa\u00edses y comunica informaci\u00f3n recibida sobre la situaci\u00f3n de los derechos de los pueblos ind\u00edgenas en pa\u00edses espec\u00edficos.<\/li>\n<li>Lleva a cabo actividades en pa\u00edses en seguimiento de las recomendaciones recogidas en sus informes de visita a pa\u00edses.<\/li>\n<li>La Comisi\u00f3n de Derechos Humanos decidi\u00f3 nombrar en 2001 un Relator Especial sobre la situaci\u00f3n de los derechos humanos y libertades fundamentales de los ind\u00edgenas, como parte del sistema de procedimientos especiales de la Comisi\u00f3n.<\/li>\n<\/ul>\n<p><strong><em>Fuente: EFE verde \/ Servindi \/ unsr.vtaulicorpuz.org<\/em><\/strong><\/p>\n<p><strong><em>Fotos: unsr.vtaulicorpuz.org \/<\/em><\/strong> <strong><em>allevents.in<\/em><\/strong><\/p>\n<p><a href=\"http:\/\/unsr.vtaulicorpuz.org\/site\/index.php\/es\/documentos\/informes-anuales\/149-report-ga-2016\" target=\"_blank\" data-saferedirecturl=\"https:\/\/www.google.com\/url?hl=es-419&amp;q=http:\/\/unsr.vtaulicorpuz.org\/site\/index.php\/es\/documentos\/informes-anuales\/149-report-ga-2016&amp;source=gmail&amp;ust=1476196749375000&amp;usg=AFQjCNGbmrRP832djruQ2tZoWbZviEYAuQ\" rel=\"noopener\">http:\/\/unsr.vtaulicorpuz.org\/site\/index.php\/es\/documentos\/informes-anuales\/149-report-ga-2016<\/a><\/p>\n<p>&nbsp;<\/p>","protected":false},"excerpt":{"rendered":"<p>Comisionada de la ONU record\u00f3 esta maniobra llev\u00f3 a la muerte de la lideresa ind\u00edgena hondure\u00f1a Indic\u00f3 que de los defensores ambientales asesinados este a\u00f1o, 40% son ind\u00edgenas La relatora especial de la ONU para los derechos de los Pueblos Ind\u00edgenas, Victoria Tauli-Corpuz refiri\u00f3 que las \u00faltimas agresiones contra M\u00e1xima Acu\u00f1a, por la seguridad privada [&hellip;]<\/p>\n","protected":false},"author":1,"featured_media":5151,"comment_status":"closed","ping_status":"open","sticky":false,"template":"","format":"standard","meta":{"_monsterinsights_skip_tracking":false,"_monsterinsights_sitenote_active":false,"_monsterinsights_sitenote_note":"","_monsterinsights_sitenote_category":0,"_jetpack_memberships_contains_paid_content":false,"footnotes":"","jetpack_publicize_message":"","jetpack_publicize_feature_enabled":true,"jetpack_social_post_already_shared":false,"jetpack_social_options":{"image_generator_settings":{"template":"highway","default_image_id":0,"font":"","enabled":false},"version":2}},"categories":[1],"tags":[],"class_list":["post-5150","post","type-post","status-publish","format-standard","has-post-thumbnail","hentry","category-sin-categoria"],"blocksy_meta":[],"jetpack_publicize_connections":[],"jetpack_featured_media_url":"https:\/\/derechosinfronteras.pe\/wp-content\/uploads\/2016\/10\/maximaacuna.jpg","jetpack_sharing_enabled":true,"jetpack_likes_enabled":true,"_links":{"self":[{"href":"https:\/\/derechosinfronteras.pe\/ingles\/wp-json\/wp\/v2\/posts\/5150","targetHints":{"allow":["GET"]}}],"collection":[{"href":"https:\/\/derechosinfronteras.pe\/ingles\/wp-json\/wp\/v2\/posts"}],"about":[{"href":"https:\/\/derechosinfronteras.pe\/ingles\/wp-json\/wp\/v2\/types\/post"}],"author":[{"embeddable":true,"href":"https:\/\/derechosinfronteras.pe\/ingles\/wp-json\/wp\/v2\/users\/1"}],"replies":[{"embeddable":true,"href":"https:\/\/derechosinfronteras.pe\/ingles\/wp-json\/wp\/v2\/comments?post=5150"}],"version-history":[{"count":0,"href":"https:\/\/derechosinfronteras.pe\/ingles\/wp-json\/wp\/v2\/posts\/5150\/revisions"}],"wp:featuredmedia":[{"embeddable":true,"href":"https:\/\/derechosinfronteras.pe\/ingles\/wp-json\/wp\/v2\/media\/5151"}],"wp:attachment":[{"href":"https:\/\/derechosinfronteras.pe\/ingles\/wp-json\/wp\/v2\/media?parent=5150"}],"wp:term":[{"taxonomy":"category","embeddable":true,"href":"https:\/\/derechosinfronteras.pe\/ingles\/wp-json\/wp\/v2\/categories?post=5150"},{"taxonomy":"post_tag","embeddable":true,"href":"https:\/\/derechosinfronteras.pe\/ingles\/wp-json\/wp\/v2\/tags?post=5150"}],"curies":[{"name":"wp","href":"https:\/\/api.w.org\/{rel}","templated":true}]}}