{"id":5153,"date":"2016-10-06T16:10:22","date_gmt":"2016-10-06T21:10:22","guid":{"rendered":"http:\/\/derechosinfronteras.pe\/?p=1954"},"modified":"2016-10-06T16:10:22","modified_gmt":"2016-10-06T21:10:22","slug":"desde-apurimac-se-realizara-el-asfaltado-de-via-por-donde-circula-transporte-pesado-de-las-bambas","status":"publish","type":"post","link":"https:\/\/derechosinfronteras.pe\/ingles\/desde-apurimac-se-realizara-el-asfaltado-de-via-por-donde-circula-transporte-pesado-de-las-bambas\/","title":{"rendered":"Desde Apurimac se realizar\u00e1 el asfaltado de v\u00eda por donde circula transporte pesado de Las Bambas"},"content":{"rendered":"<div class=\"interior-header-wrapper\">\n<div class=\"header w960\">\n<div class=\"clear menu-prin-content\">\n<div class=\"menu-prin\">\n<div class=\"section\">\n<p id=\"page-title\" class=\"title\">En la sesi\u00f3n del eje ambiental de la\u00a0Mesa de Di\u00e1logo de Cotabambas\u00a0realizada hoy 6 de octubre de 2016; con la presencia de los Ministerios de Ambiente y Energ\u00eda y Minas, de la Oficina Nacional de Di\u00e1logo y Sostenibilidad, del presidente del Gobierno Regional de Apur\u00edmac, de la empresa Minera Las Bambas SAC y representantes de la sociedad civil de la provincia de Cotabambas y el distrito de Progreso,\u00a0se acord\u00f3 por consenso el asfaltado de la carretera que atraviesa cuatro provincias en tres regiones: Cotabambas (Apur\u00edmac), Chumbivilcas y Espinar (Cusco) y Caylloma (Arequipa). La empresa minera se comprometi\u00f3 a asfaltar 83 Km, de los cuales 27 corresponden a la provincia de Cotabambas.<\/p>\n<div class=\"region region-content\">\n<div id=\"block-system-main\" class=\"block block-system first last odd\">\n<div class=\"content\">\n<div id=\"node-279\" class=\"node node-alerta node-promoted view-mode-full clearfix\">\n<div class=\"content\">\n<div>\n<p>Esta viene siendo una sentida demanda de la poblaci\u00f3n y comunidades campesinas de Cotabambas que est\u00e1n siendo afectadas, tanto en su salud como en sus actividades productivas y viviendas, por el tr\u00e1nsito de 300 camiones diarios que transportan minerales e insumos de la mina Las Bambas.<\/p>\n<p>Saludamos la buena voluntad pol\u00edtica de las autoridades para solucionar este grave problema.<\/p>\n<p>Tambobamba, 6 de octubre de 2016<\/p>\n<\/div>\n<div class=\"item-social\">\n<div class=\"twitter-share\"><em><strong>Fuente: OCM.<\/strong><\/em><\/div>\n<\/div>\n<div><em><strong>Foto: CooperAcci\u00f3n<\/strong><\/em><\/div>\n<div class=\"field field-name-body field-type-text-with-summary field-label-hidden\">\n<div class=\"field-items\">\n<div class=\"field-item even\"><\/div>\n<\/div>\n<\/div>\n<\/div>\n<\/div>\n<\/div>\n<\/div>\n<\/div>\n<\/div>\n<\/div>\n<\/div>\n<\/div>\n<\/div>","protected":false},"excerpt":{"rendered":"<p>En la sesi\u00f3n del eje ambiental de la\u00a0Mesa de Di\u00e1logo de Cotabambas\u00a0realizada hoy 6 de octubre de 2016; con la presencia de los Ministerios de Ambiente y Energ\u00eda y Minas, de la Oficina Nacional de Di\u00e1logo y Sostenibilidad, del presidente del Gobierno Regional de Apur\u00edmac, de la empresa Minera Las Bambas SAC y representantes de [&hellip;]<\/p>\n","protected":false},"author":1,"featured_media":5154,"comment_status":"closed","ping_status":"open","sticky":false,"template":"","format":"standard","meta":{"_monsterinsights_skip_tracking":false,"_monsterinsights_sitenote_active":false,"_monsterinsights_sitenote_note":"","_monsterinsights_sitenote_category":0,"_jetpack_memberships_contains_paid_content":false,"footnotes":"","jetpack_publicize_message":"","jetpack_publicize_feature_enabled":true,"jetpack_social_post_already_shared":false,"jetpack_social_options":{"image_generator_settings":{"template":"highway","default_image_id":0,"font":"","enabled":false},"version":2}},"categories":[1],"tags":[],"class_list":["post-5153","post","type-post","status-publish","format-standard","has-post-thumbnail","hentry","category-sin-categoria"],"blocksy_meta":[],"jetpack_publicize_connections":[],"jetpack_featured_media_url":"https:\/\/derechosinfronteras.pe\/wp-content\/uploads\/2016\/10\/camiones.png","jetpack_sharing_enabled":true,"jetpack_likes_enabled":true,"_links":{"self":[{"href":"https:\/\/derechosinfronteras.pe\/ingles\/wp-json\/wp\/v2\/posts\/5153","targetHints":{"allow":["GET"]}}],"collection":[{"href":"https:\/\/derechosinfronteras.pe\/ingles\/wp-json\/wp\/v2\/posts"}],"about":[{"href":"https:\/\/derechosinfronteras.pe\/ingles\/wp-json\/wp\/v2\/types\/post"}],"author":[{"embeddable":true,"href":"https:\/\/derechosinfronteras.pe\/ingles\/wp-json\/wp\/v2\/users\/1"}],"replies":[{"embeddable":true,"href":"https:\/\/derechosinfronteras.pe\/ingles\/wp-json\/wp\/v2\/comments?post=5153"}],"version-history":[{"count":0,"href":"https:\/\/derechosinfronteras.pe\/ingles\/wp-json\/wp\/v2\/posts\/5153\/revisions"}],"wp:featuredmedia":[{"embeddable":true,"href":"https:\/\/derechosinfronteras.pe\/ingles\/wp-json\/wp\/v2\/media\/5154"}],"wp:attachment":[{"href":"https:\/\/derechosinfronteras.pe\/ingles\/wp-json\/wp\/v2\/media?parent=5153"}],"wp:term":[{"taxonomy":"category","embeddable":true,"href":"https:\/\/derechosinfronteras.pe\/ingles\/wp-json\/wp\/v2\/categories?post=5153"},{"taxonomy":"post_tag","embeddable":true,"href":"https:\/\/derechosinfronteras.pe\/ingles\/wp-json\/wp\/v2\/tags?post=5153"}],"curies":[{"name":"wp","href":"https:\/\/api.w.org\/{rel}","templated":true}]}}