{"id":5155,"date":"2016-10-06T10:11:32","date_gmt":"2016-10-06T15:11:32","guid":{"rendered":"http:\/\/derechosinfronteras.pe\/?p=1957"},"modified":"2016-10-06T10:11:32","modified_gmt":"2016-10-06T15:11:32","slug":"el-ultimatum-de-espinar-al-nuevo-gobierno-de-ppk","status":"publish","type":"post","link":"https:\/\/derechosinfronteras.pe\/ingles\/el-ultimatum-de-espinar-al-nuevo-gobierno-de-ppk\/","title":{"rendered":"Espinar: convocan paro indefinido para el 21 de noviembre"},"content":{"rendered":"<p style=\"text-align: center;\"><strong>EL ULTIM\u00c1TUM DE ESPINAR AL NUEVO GOBIERNO DE PPK<\/strong><\/p>\n<p style=\"text-align: center;\"><strong>El Frente \u00danico de Defensa de los Intereses de Espinar (FUDIE) el pasado mi\u00e9rcoles 05 de octubre a trav\u00e9s de una asamblea multiorganizacional ha confirmado el inicio de una paralizaci\u00f3n indefinida para el pr\u00f3ximo 21 de noviembre del presente a\u00f1o.<\/strong><\/p>\n<p>Mayo del 2012 es una fecha que dif\u00edcilmente olvidara la provincia de Espinar, entre el 21 y 29 de mayo de aquel a\u00f1o el gobierno de Ollanta Humala arremeti\u00f3 de manera violenta contra los pobladores de esta provincia, conformada mayoritariamente por comunidades campesinas, el reclamo en ese entonces era la reformulaci\u00f3n de un nuevo convenio marco entre la provincia y la empresa minera, en aquel entonces Xstrata Tintaya, hoy \u00a0Glencore Antapacay, as\u00ed como la determinaci\u00f3n de las causas que genera la contaminaci\u00f3n ambiental en las comunidades del entorno minero.<\/p>\n<figure id=\"attachment_1959\" aria-describedby=\"caption-attachment-1959\" style=\"width: 667px\" class=\"wp-caption alignnone\"><a href=\"http:\/\/derechosinfronteras.pe\/wp-content\/uploads\/2016\/10\/DSC06044.jpg\" rel=\"attachment wp-att-1959\"><img fetchpriority=\"high\" decoding=\"async\" class=\"wp-image-1959 size-full\" src=\"http:\/\/derechosinfronteras.pe\/wp-content\/uploads\/2016\/10\/DSC06044.jpg\" alt=\"DSC06044\" width=\"667\" height=\"500\" \/><\/a><figcaption id=\"caption-attachment-1959\" class=\"wp-caption-text\">Foto: DHSF \/ Conflicto Espinar 2012<\/figcaption><\/figure>\n<figure id=\"attachment_1958\" aria-describedby=\"caption-attachment-1958\" style=\"width: 667px\" class=\"wp-caption alignnone\"><a href=\"http:\/\/derechosinfronteras.pe\/wp-content\/uploads\/2016\/10\/DSC00102.jpg\" rel=\"attachment wp-att-1958\"><img decoding=\"async\" class=\"wp-image-1958 size-full\" src=\"http:\/\/derechosinfronteras.pe\/wp-content\/uploads\/2016\/10\/DSC00102.jpg\" alt=\"ESPINAR 2012\" width=\"667\" height=\"500\" \/><\/a><figcaption id=\"caption-attachment-1958\" class=\"wp-caption-text\">Foto: DHSF \/ Mesa de di\u00e1logo Espinar 2012<\/figcaption><\/figure>\n<p>Han pasado cuatro a\u00f1os desde aquel lamentable suceso. La poblaci\u00f3n y las organizaciones de Espinar se sienten enga\u00f1ados, se\u00f1alan que las mesas de seguimiento de los acuerdos de la mesa de dialogo no se han cumplido, cuestionan los pocos avances\u00a0 del Comit\u00e9 de Gesti\u00f3n y Seguimiento Ambiental Sanitario y el Comit\u00e9 de Gesti\u00f3n y Seguimiento de Plan de Inversiones, muestra de ello son los \u00faltimos hechos ocurridos durante el presente a\u00f1o. Las dos \u00faltimas reuniones desarrolladas en Espinar (en agosto) fueron duramente cuestionados por los dirigentes, al extremo de que los representantes de las organizaciones y del Municipio de Espinar se retiraron de la reuni\u00f3n.<\/p>\n<p>Cabe precisar que los problemas que plantea Espinar actualmente van m\u00e1s all\u00e1 de los acuerdos de la mesa de dialogo del 2013, en el mes de setiembre el\u00a0 Frente \u00danico de Defensa de los Intereses de la Provincia de Espinar (FUDIE) y diversas organizaciones gremiales de la provincia emitieron un pronunciamiento donde solicitan una inmediata respuesta\u00a0 del nuevo gobierno de Pedro Pablo Kuczynscki, as\u00ed como de los congresistas, ministerios y de las autoridades regionales. El pronunciamiento contiene cinco puntos en los que se sustenta su petici\u00f3n y alega que de no recibir la atenci\u00f3n solicitada se \u201cver\u00e1n en la obligaci\u00f3n de reiniciar las medidas de fuerza\u201d.<\/p>\n<p>El FUDIE y dem\u00e1s organizaciones gremiales de Espinar, consideran que estas mesas \u201cno han sabido ni tienen voluntad de implementarse\u201d, por los que las consideran insostenibles. Adem\u00e1s de las demandas se\u00f1aladas en el tema ambiental, se ha incluido otros pedidos a resolver como son: rechazo a la contaminaci\u00f3n ambiental de la empresa minera HubBay y Las Bambas a trav\u00e9s del uso de la carretera que pasa por Espinar, construcci\u00f3n del Hospital de categor\u00eda II con especialidad \u00a0en el tratamiento a personas con metales pesados, asfaltado de la v\u00eda Negromayo \u2013Yauri- San Genaro utilizado por los camiones que trasladan materiales de las empresas mineras.<\/p>\n<figure id=\"attachment_1960\" aria-describedby=\"caption-attachment-1960\" style=\"width: 709px\" class=\"wp-caption aligncenter\"><a href=\"http:\/\/derechosinfronteras.pe\/wp-content\/uploads\/2016\/10\/14572808_538993562961665_574206592969571670_n.jpg\" rel=\"attachment wp-att-1960\"><img decoding=\"async\" class=\"wp-image-1960 size-full\" src=\"http:\/\/derechosinfronteras.pe\/wp-content\/uploads\/2016\/10\/14572808_538993562961665_574206592969571670_n.jpg\" alt=\"14572808_538993562961665_574206592969571670_n\" width=\"709\" height=\"432\" \/><\/a><figcaption id=\"caption-attachment-1960\" class=\"wp-caption-text\">FUDIE 2016<\/figcaption><\/figure>\n<p>Haciendo esta r\u00e1pida revisi\u00f3n de las leg\u00edtimas agendas no resueltas en Espinar, est\u00e1 claro que el conflicto est\u00e1 a la vuelta de la esquina, a trav\u00e9s sendas cartas y pronunciamientos las organizaciones en Espinar han dado un ultim\u00e1tum al nuevo gobierno de PPK. Si no hay una respuesta clara a estas demandas en las pr\u00f3ximas semanas por parte del nuevo gobierno, estaremos asistiendo lamentablemente a un escenario de convulsi\u00f3n social que puede tornarse insostenible en la zona, ya que los pobladores de Chumbivilcas y Cotabambas (Apur\u00edmac) tienen similares problemas con las empresas mineras. Sin duda la agenda del \u201ccorredor minero\u201d del sur andino va saltar al escenario nacional.<\/p>\n<p><strong>Por: Jaime Borda<\/strong><\/p>\n<p><strong>Derechos Humanos sin Fronteras.<\/strong><\/p>","protected":false},"excerpt":{"rendered":"<p>EL ULTIM\u00c1TUM DE ESPINAR AL NUEVO GOBIERNO DE PPK El Frente \u00danico de Defensa de los Intereses de Espinar (FUDIE) el pasado mi\u00e9rcoles 05 de octubre a trav\u00e9s de una asamblea multiorganizacional ha confirmado el inicio de una paralizaci\u00f3n indefinida para el pr\u00f3ximo 21 de noviembre del presente a\u00f1o. Mayo del 2012 es una fecha [&hellip;]<\/p>\n","protected":false},"author":1,"featured_media":5156,"comment_status":"closed","ping_status":"open","sticky":false,"template":"","format":"standard","meta":{"_monsterinsights_skip_tracking":false,"_monsterinsights_sitenote_active":false,"_monsterinsights_sitenote_note":"","_monsterinsights_sitenote_category":0,"_jetpack_memberships_contains_paid_content":false,"footnotes":"","jetpack_publicize_message":"","jetpack_publicize_feature_enabled":true,"jetpack_social_post_already_shared":false,"jetpack_social_options":{"image_generator_settings":{"template":"highway","default_image_id":0,"font":"","enabled":false},"version":2}},"categories":[1],"tags":[],"class_list":["post-5155","post","type-post","status-publish","format-standard","has-post-thumbnail","hentry","category-sin-categoria"],"blocksy_meta":[],"jetpack_publicize_connections":[],"jetpack_featured_media_url":"https:\/\/derechosinfronteras.pe\/wp-content\/uploads\/2016\/10\/14567375_1804638999750696_1340485646012984847_o.jpg","jetpack_sharing_enabled":true,"jetpack_likes_enabled":true,"_links":{"self":[{"href":"https:\/\/derechosinfronteras.pe\/ingles\/wp-json\/wp\/v2\/posts\/5155","targetHints":{"allow":["GET"]}}],"collection":[{"href":"https:\/\/derechosinfronteras.pe\/ingles\/wp-json\/wp\/v2\/posts"}],"about":[{"href":"https:\/\/derechosinfronteras.pe\/ingles\/wp-json\/wp\/v2\/types\/post"}],"author":[{"embeddable":true,"href":"https:\/\/derechosinfronteras.pe\/ingles\/wp-json\/wp\/v2\/users\/1"}],"replies":[{"embeddable":true,"href":"https:\/\/derechosinfronteras.pe\/ingles\/wp-json\/wp\/v2\/comments?post=5155"}],"version-history":[{"count":0,"href":"https:\/\/derechosinfronteras.pe\/ingles\/wp-json\/wp\/v2\/posts\/5155\/revisions"}],"wp:featuredmedia":[{"embeddable":true,"href":"https:\/\/derechosinfronteras.pe\/ingles\/wp-json\/wp\/v2\/media\/5156"}],"wp:attachment":[{"href":"https:\/\/derechosinfronteras.pe\/ingles\/wp-json\/wp\/v2\/media?parent=5155"}],"wp:term":[{"taxonomy":"category","embeddable":true,"href":"https:\/\/derechosinfronteras.pe\/ingles\/wp-json\/wp\/v2\/categories?post=5155"},{"taxonomy":"post_tag","embeddable":true,"href":"https:\/\/derechosinfronteras.pe\/ingles\/wp-json\/wp\/v2\/tags?post=5155"}],"curies":[{"name":"wp","href":"https:\/\/api.w.org\/{rel}","templated":true}]}}